{"id":112087,"date":"2025-09-22T16:34:06","date_gmt":"2025-09-22T21:34:06","guid":{"rendered":"https:\/\/www.imsalud.gov.co\/web\/?p=112087"},"modified":"2025-09-22T16:34:08","modified_gmt":"2025-09-22T21:34:08","slug":"ese-imsalud-garantiza-la-defensa-de-sus-recursos-y-la-continuidad-en-la-atencion-de-los-usuarios","status":"publish","type":"post","link":"https:\/\/www.imsalud.gov.co\/web\/sala-de-prensa\/ultimas-noticias\/ese-imsalud-garantiza-la-defensa-de-sus-recursos-y-la-continuidad-en-la-atencion-de-los-usuarios\/","title":{"rendered":"ESE Imsalud garantiza la defensa de sus recursos y la continuidad en la atenci\u00f3n de los usuarios"},"content":{"rendered":"\n\n\n<p>Con el firme prop\u00f3sito de proteger la estabilidad financiera de la instituci\u00f3n y asegurar la prestaci\u00f3n de los servicios de salud a la comunidad cucute\u00f1a, el gerente de la ESE Imsalud, el Dr. Javier Prieto Pe\u00f1a, acompa\u00f1ado de la asesora de planeaci\u00f3n y calidad, Clara Cuadros, sostuvo una importante reuni\u00f3n en Bogot\u00e1 con el director general de la ADRES, el Dr. F\u00e9lix Le\u00f3n Mart\u00ednez.<\/p>\n\n\n\n<p>El encuentro tuvo como objetivo definir el rumbo del giro directo hacia la entidad y revisar las deudas pendientes de EPS como Coosalud y Nueva EPS, logrando establecer compromisos claros que permitir\u00e1n regularizar el flujo de recursos en la primera semana de octubre.<\/p>\n\n\n\n<p>Durante la reuni\u00f3n, el Gerente de la ESE Imsalud realiz\u00f3 una presentaci\u00f3n institucional en la que evidenci\u00f3 el impacto de la entidad en el municipio de San Jos\u00e9 de C\u00facuta, mostrando las cifras de poblaci\u00f3n atendida y el alcance en el aseguramiento subsidiado, reflejando la importancia de garantizar un flujo financiero oportuno para la sostenibilidad de los servicios.<\/p>\n\n\n\n<p>Esta gesti\u00f3n evidencia el liderazgo de la gerencia y su compromiso inquebrantable por garantizar la solidez financiera de la ESE Imsalud, siempre pensando en el bienestar de los usuarios y en la sostenibilidad de los servicios de salud en C\u00facuta y su zona rural.<\/p>\n","protected":false},"excerpt":{"rendered":"<p>Con el firme prop\u00f3sito de proteger la estabilidad financiera de la instituci\u00f3n y asegurar la prestaci\u00f3n de los servicios de salud a la comunidad cucute\u00f1a, el gerente de la ESE [&#8230;]\n","protected":false},"author":34,"featured_media":112088,"comment_status":"closed","ping_status":"closed","sticky":false,"template":"","format":"standard","meta":{"footnotes":""},"categories":[698,515,74],"tags":[],"class_list":["post-112087","post","type-post","status-publish","format-standard","has-post-thumbnail","hentry","category-mujeres","category-ninos","category-ultimas-noticias"],"_links":{"self":[{"href":"https:\/\/www.imsalud.gov.co\/web\/wp-json\/wp\/v2\/posts\/112087","targetHints":{"allow":["GET"]}}],"collection":[{"href":"https:\/\/www.imsalud.gov.co\/web\/wp-json\/wp\/v2\/posts"}],"about":[{"href":"https:\/\/www.imsalud.gov.co\/web\/wp-json\/wp\/v2\/types\/post"}],"author":[{"embeddable":true,"href":"https:\/\/www.imsalud.gov.co\/web\/wp-json\/wp\/v2\/users\/34"}],"replies":[{"embeddable":true,"href":"https:\/\/www.imsalud.gov.co\/web\/wp-json\/wp\/v2\/comments?post=112087"}],"version-history":[{"count":1,"href":"https:\/\/www.imsalud.gov.co\/web\/wp-json\/wp\/v2\/posts\/112087\/revisions"}],"predecessor-version":[{"id":112089,"href":"https:\/\/www.imsalud.gov.co\/web\/wp-json\/wp\/v2\/posts\/112087\/revisions\/112089"}],"wp:featuredmedia":[{"embeddable":true,"href":"https:\/\/www.imsalud.gov.co\/web\/wp-json\/wp\/v2\/media\/112088"}],"wp:attachment":[{"href":"https:\/\/www.imsalud.gov.co\/web\/wp-json\/wp\/v2\/media?parent=112087"}],"wp:term":[{"taxonomy":"category","embeddable":true,"href":"https:\/\/www.imsalud.gov.co\/web\/wp-json\/wp\/v2\/categories?post=112087"},{"taxonomy":"post_tag","embeddable":true,"href":"https:\/\/www.imsalud.gov.co\/web\/wp-json\/wp\/v2\/tags?post=112087"}],"curies":[{"name":"wp","href":"https:\/\/api.w.org\/{rel}","templated":true}]}}