{"id":111606,"date":"2025-08-12T14:24:12","date_gmt":"2025-08-12T19:24:12","guid":{"rendered":"https:\/\/www.imsalud.gov.co\/web\/?p=111606"},"modified":"2025-08-12T14:24:13","modified_gmt":"2025-08-12T19:24:13","slug":"gratitud-y-admiracion-por-una-vida-de-servicio","status":"publish","type":"post","link":"https:\/\/www.imsalud.gov.co\/web\/sala-de-prensa\/ultimas-noticias\/gratitud-y-admiracion-por-una-vida-de-servicio\/","title":{"rendered":"Gratitud y admiraci\u00f3n por una vida de servicio"},"content":{"rendered":"\n\n\n<p>Hoy en la ESE Imsalud vivimos un momento lleno de emociones, al despedir y homenajear a Yadira Helena Gonz\u00e1lez Lubo, profesional universitario (apoyo socioecon\u00f3mico), quien luego de 31 a\u00f1os de entrega y compromiso inicia su merecida etapa como pensionada.<\/p>\n\n\n\n<p>Estos \u00faltimos a\u00f1os por su paso por la Oficina de Servicio de Informaci\u00f3n y Atenci\u00f3n al Usuario (SIAU) dej\u00f3 huella gracias a su empat\u00eda, calidez y dedicaci\u00f3n para atender a cada persona que acud\u00eda a nuestra entidad.<\/p>\n\n\n\n<p>El acto cont\u00f3 con la presencia del Dr. Javier Prieto Pe\u00f1a, gerente de la ESE Imsalud, quien expres\u00f3 su profundo agradecimiento por el invaluable aporte de Yadira a lo largo de estas tres d\u00e9cadas; as\u00ed como de la Dra. Andrea Porras Nava, jefe de la Oficina de Administraci\u00f3n Laboral, y la Dra. Yurley Duarte Duarte, jefe de la Oficina SIAU, quienes se unieron a este reconocimiento.<\/p>\n\n\n\n<p>Acompa\u00f1ada por compa\u00f1eros, amigos y quienes compartieron con ella tantos a\u00f1os de trabajo, Yadira recibi\u00f3 no solo aplausos, sino el cari\u00f1o y admiraci\u00f3n de toda la familia Imsalud.<\/p>\n\n\n\n<p>Gracias, Yadira, por tu ejemplo de servicio y humanidad. Tu legado quedar\u00e1 siempre en el coraz\u00f3n de esta instituci\u00f3n.<\/p>\n\n\n\n<figure class=\"wp-block-image size-large\"><img loading=\"lazy\" decoding=\"async\" width=\"1024\" height=\"768\" src=\"https:\/\/www.imsalud.gov.co\/web\/wp-content\/uploads\/2025\/08\/c9775d0e-1a2e-4471-b272-9ff2294125f2-1024x768.jpeg\" alt=\"\" class=\"wp-image-111608\" srcset=\"https:\/\/www.imsalud.gov.co\/web\/wp-content\/uploads\/2025\/08\/c9775d0e-1a2e-4471-b272-9ff2294125f2-1024x768.jpeg 1024w, https:\/\/www.imsalud.gov.co\/web\/wp-content\/uploads\/2025\/08\/c9775d0e-1a2e-4471-b272-9ff2294125f2-300x225.jpeg 300w, https:\/\/www.imsalud.gov.co\/web\/wp-content\/uploads\/2025\/08\/c9775d0e-1a2e-4471-b272-9ff2294125f2-768x576.jpeg 768w, https:\/\/www.imsalud.gov.co\/web\/wp-content\/uploads\/2025\/08\/c9775d0e-1a2e-4471-b272-9ff2294125f2-1536x1152.jpeg 1536w, https:\/\/www.imsalud.gov.co\/web\/wp-content\/uploads\/2025\/08\/c9775d0e-1a2e-4471-b272-9ff2294125f2.jpeg 1600w\" sizes=\"auto, (max-width: 1024px) 100vw, 1024px\" \/><\/figure>\n","protected":false},"excerpt":{"rendered":"<p>Hoy en la ESE Imsalud vivimos un momento lleno de emociones, al despedir y homenajear a Yadira Helena Gonz\u00e1lez Lubo, profesional universitario (apoyo socioecon\u00f3mico), quien luego de 31 a\u00f1os de [&#8230;]\n","protected":false},"author":34,"featured_media":111607,"comment_status":"closed","ping_status":"closed","sticky":false,"template":"","format":"standard","meta":{"footnotes":""},"categories":[698,515,74],"tags":[],"class_list":["post-111606","post","type-post","status-publish","format-standard","has-post-thumbnail","hentry","category-mujeres","category-ninos","category-ultimas-noticias"],"_links":{"self":[{"href":"https:\/\/www.imsalud.gov.co\/web\/wp-json\/wp\/v2\/posts\/111606","targetHints":{"allow":["GET"]}}],"collection":[{"href":"https:\/\/www.imsalud.gov.co\/web\/wp-json\/wp\/v2\/posts"}],"about":[{"href":"https:\/\/www.imsalud.gov.co\/web\/wp-json\/wp\/v2\/types\/post"}],"author":[{"embeddable":true,"href":"https:\/\/www.imsalud.gov.co\/web\/wp-json\/wp\/v2\/users\/34"}],"replies":[{"embeddable":true,"href":"https:\/\/www.imsalud.gov.co\/web\/wp-json\/wp\/v2\/comments?post=111606"}],"version-history":[{"count":1,"href":"https:\/\/www.imsalud.gov.co\/web\/wp-json\/wp\/v2\/posts\/111606\/revisions"}],"predecessor-version":[{"id":111609,"href":"https:\/\/www.imsalud.gov.co\/web\/wp-json\/wp\/v2\/posts\/111606\/revisions\/111609"}],"wp:featuredmedia":[{"embeddable":true,"href":"https:\/\/www.imsalud.gov.co\/web\/wp-json\/wp\/v2\/media\/111607"}],"wp:attachment":[{"href":"https:\/\/www.imsalud.gov.co\/web\/wp-json\/wp\/v2\/media?parent=111606"}],"wp:term":[{"taxonomy":"category","embeddable":true,"href":"https:\/\/www.imsalud.gov.co\/web\/wp-json\/wp\/v2\/categories?post=111606"},{"taxonomy":"post_tag","embeddable":true,"href":"https:\/\/www.imsalud.gov.co\/web\/wp-json\/wp\/v2\/tags?post=111606"}],"curies":[{"name":"wp","href":"https:\/\/api.w.org\/{rel}","templated":true}]}}