{"id":111522,"date":"2025-08-05T13:36:31","date_gmt":"2025-08-05T18:36:31","guid":{"rendered":"https:\/\/www.imsalud.gov.co\/web\/?p=111522"},"modified":"2025-08-05T13:36:32","modified_gmt":"2025-08-05T18:36:32","slug":"cinco-nuevos-profesionales-inician-su-servicio-social-obligatorio-en-la-ese-imsalud-comprometidos-con-la-salud-rural-de-cucuta","status":"publish","type":"post","link":"https:\/\/www.imsalud.gov.co\/web\/sala-de-prensa\/ultimas-noticias\/cinco-nuevos-profesionales-inician-su-servicio-social-obligatorio-en-la-ese-imsalud-comprometidos-con-la-salud-rural-de-cucuta\/","title":{"rendered":"Cinco nuevos profesionales inician su Servicio Social Obligatorio en la ESE Imsalud, comprometidos con la salud rural de C\u00facuta"},"content":{"rendered":"\n\n\n<p>Con un fuerte mensaje de vocaci\u00f3n, entrega y compromiso por la salud de las comunidades rurales, el gerente de la ESE Imsalud, el Dr. Javier Prieto Pe\u00f1a, presidi\u00f3 el acto de posesi\u00f3n de cinco profesionales de la salud que realizar\u00e1n su Servicio Social Obligatorio (SSO) en la UBA Agua Clara, como parte del tercer sorteo del a\u00f1o 2025.<\/p>\n\n\n\n<p>Las nuevas incorporaciones est\u00e1n conformadas por la enfermera Nidya Quintero Ram\u00edrez, y los m\u00e9dicos Laura Mart\u00ednez Zuluaga, Rosemily Montes Callejas, Yennifer Gauta Salazar y Miller L\u00f3pez Pinz\u00f3n, quienes durante un a\u00f1o pondr\u00e1n sus conocimientos al servicio de la poblaci\u00f3n, especialmente en zonas rurales donde m\u00e1s se necesita la presencia institucional.<\/p>\n\n\n\n<p>Durante el acto, el Dr. Prieto Pe\u00f1a destac\u00f3 la importancia del papel que estos profesionales tendr\u00e1n en el cuidado de la vida y el bienestar de las comunidades. As\u00ed mismo, les record\u00f3 que m\u00e1s all\u00e1 de un requisito legal, este servicio representa una oportunidad de transformaci\u00f3n social, cercan\u00eda y vocaci\u00f3n con la salud p\u00fablica del municipio de San Jos\u00e9 de C\u00facuta.<\/p>\n\n\n\n<p>La ceremonia tambi\u00e9n cont\u00f3 con la presencia de la Dra. Brigitte Fl\u00f3rez Acevedo, subgerente administrativa y financiera, y de la Dra. Andrea Porras Nava, jefe de la Oficina de Administraci\u00f3n Laboral, quienes acompa\u00f1aron este momento significativo de inicio profesional.<\/p>\n\n\n\n<p>Desde Imsalud, reafirmamos nuestro compromiso de seguir fortaleciendo la atenci\u00f3n en salud en las zonas m\u00e1s apartadas de la ciudad, con profesionales comprometidos y una visi\u00f3n humana del servicio.<\/p>\n\n\n\n<figure class=\"wp-block-image size-large\"><img loading=\"lazy\" decoding=\"async\" width=\"1024\" height=\"769\" src=\"https:\/\/www.imsalud.gov.co\/web\/wp-content\/uploads\/2025\/08\/88952600-ead2-4f38-afda-c448e061c406-1024x769.jpeg\" alt=\"\" class=\"wp-image-111524\" srcset=\"https:\/\/www.imsalud.gov.co\/web\/wp-content\/uploads\/2025\/08\/88952600-ead2-4f38-afda-c448e061c406-1024x769.jpeg 1024w, https:\/\/www.imsalud.gov.co\/web\/wp-content\/uploads\/2025\/08\/88952600-ead2-4f38-afda-c448e061c406-300x225.jpeg 300w, https:\/\/www.imsalud.gov.co\/web\/wp-content\/uploads\/2025\/08\/88952600-ead2-4f38-afda-c448e061c406-768x576.jpeg 768w, https:\/\/www.imsalud.gov.co\/web\/wp-content\/uploads\/2025\/08\/88952600-ead2-4f38-afda-c448e061c406-1536x1153.jpeg 1536w, https:\/\/www.imsalud.gov.co\/web\/wp-content\/uploads\/2025\/08\/88952600-ead2-4f38-afda-c448e061c406.jpeg 1600w\" sizes=\"auto, (max-width: 1024px) 100vw, 1024px\" \/><\/figure>\n","protected":false},"excerpt":{"rendered":"<p>Con un fuerte mensaje de vocaci\u00f3n, entrega y compromiso por la salud de las comunidades rurales, el gerente de la ESE Imsalud, el Dr. Javier Prieto Pe\u00f1a, presidi\u00f3 el acto [&#8230;]\n","protected":false},"author":34,"featured_media":111523,"comment_status":"closed","ping_status":"closed","sticky":false,"template":"","format":"standard","meta":{"footnotes":""},"categories":[698,515,74],"tags":[],"class_list":["post-111522","post","type-post","status-publish","format-standard","has-post-thumbnail","hentry","category-mujeres","category-ninos","category-ultimas-noticias"],"_links":{"self":[{"href":"https:\/\/www.imsalud.gov.co\/web\/wp-json\/wp\/v2\/posts\/111522","targetHints":{"allow":["GET"]}}],"collection":[{"href":"https:\/\/www.imsalud.gov.co\/web\/wp-json\/wp\/v2\/posts"}],"about":[{"href":"https:\/\/www.imsalud.gov.co\/web\/wp-json\/wp\/v2\/types\/post"}],"author":[{"embeddable":true,"href":"https:\/\/www.imsalud.gov.co\/web\/wp-json\/wp\/v2\/users\/34"}],"replies":[{"embeddable":true,"href":"https:\/\/www.imsalud.gov.co\/web\/wp-json\/wp\/v2\/comments?post=111522"}],"version-history":[{"count":1,"href":"https:\/\/www.imsalud.gov.co\/web\/wp-json\/wp\/v2\/posts\/111522\/revisions"}],"predecessor-version":[{"id":111525,"href":"https:\/\/www.imsalud.gov.co\/web\/wp-json\/wp\/v2\/posts\/111522\/revisions\/111525"}],"wp:featuredmedia":[{"embeddable":true,"href":"https:\/\/www.imsalud.gov.co\/web\/wp-json\/wp\/v2\/media\/111523"}],"wp:attachment":[{"href":"https:\/\/www.imsalud.gov.co\/web\/wp-json\/wp\/v2\/media?parent=111522"}],"wp:term":[{"taxonomy":"category","embeddable":true,"href":"https:\/\/www.imsalud.gov.co\/web\/wp-json\/wp\/v2\/categories?post=111522"},{"taxonomy":"post_tag","embeddable":true,"href":"https:\/\/www.imsalud.gov.co\/web\/wp-json\/wp\/v2\/tags?post=111522"}],"curies":[{"name":"wp","href":"https:\/\/api.w.org\/{rel}","templated":true}]}}