{"id":111344,"date":"2025-07-21T17:14:39","date_gmt":"2025-07-21T22:14:39","guid":{"rendered":"https:\/\/www.imsalud.gov.co\/web\/?p=111344"},"modified":"2025-07-21T17:14:40","modified_gmt":"2025-07-21T22:14:40","slug":"una-nueva-etapa-para-el-fortalecimiento-medico-administrativo-en-la-ese-imsalud","status":"publish","type":"post","link":"https:\/\/www.imsalud.gov.co\/web\/sala-de-prensa\/ultimas-noticias\/una-nueva-etapa-para-el-fortalecimiento-medico-administrativo-en-la-ese-imsalud\/","title":{"rendered":"Una nueva etapa para el fortalecimiento m\u00e9dico-administrativo en la ESE Imsalud"},"content":{"rendered":"\n\n\n<p>La doctora Heydi Milena Rol\u00f3n Ascencio tom\u00f3 posesi\u00f3n oficial de su nuevo cargo como m\u00e9dico-administrativa ante el gerente de la ESE Imsalud, el Dr. Javier Prieto Pe\u00f1a.<\/p>\n\n\n\n<p>Este nombramiento representa un paso significativo en su trayectoria profesional dentro de la entidad, donde ha venido destac\u00e1ndose por su liderazgo, compromiso y capacidad de gesti\u00f3n desde la coordinaci\u00f3n m\u00e9dica. Su trabajo ha estado enfocado en fortalecer los procesos asistenciales, aline\u00e1ndose con la visi\u00f3n estrat\u00e9gica de la gerencia, y buscando siempre mejorar la calidad en la atenci\u00f3n en salud para los usuarios, tanto en la zona urbana como rural del municipio.<\/p>\n\n\n\n<p>La ceremonia de posesi\u00f3n cont\u00f3 con la presencia de miembros del equipo directivo, quienes acompa\u00f1aron este importante momento: el Dr. Suren Aboudjian Santos, subgerente de Servicios de Salud; la Dra. Brigitte Fl\u00f3rez Acevedo, subgerente Administrativa y Financiera; la Dra. Andrea Porras Nava, jefe de Administraci\u00f3n Laboral; y la Dra. Martha Luc\u00eda Burbano Rodr\u00edguez, jefe de Servicios Generales.<\/p>\n\n\n\n<p>Este nuevo reto representa no solo el reconocimiento a una profesional que ha entregado resultados, sino tambi\u00e9n la confianza depositada en su capacidad de seguir construyendo una ESE Imsalud m\u00e1s humana, resolutiva y enfocada en el bienestar de sus comunidades.<\/p>\n\n\n\n<p><em>\u00a1Felicitaciones, doctora Heydi Rol\u00f3n!<\/em> Su nombramiento es muestra que la dedicaci\u00f3n y el compromiso abren camino al crecimiento y la transformaci\u00f3n.<\/p>\n\n\n\n<figure class=\"wp-block-image size-large\"><img loading=\"lazy\" decoding=\"async\" width=\"1024\" height=\"769\" src=\"https:\/\/www.imsalud.gov.co\/web\/wp-content\/uploads\/2025\/07\/404fc48b-f918-49ba-80e6-c901e6d0e29d-1-1024x769.jpeg\" alt=\"\" class=\"wp-image-111346\" srcset=\"https:\/\/www.imsalud.gov.co\/web\/wp-content\/uploads\/2025\/07\/404fc48b-f918-49ba-80e6-c901e6d0e29d-1-1024x769.jpeg 1024w, https:\/\/www.imsalud.gov.co\/web\/wp-content\/uploads\/2025\/07\/404fc48b-f918-49ba-80e6-c901e6d0e29d-1-300x225.jpeg 300w, https:\/\/www.imsalud.gov.co\/web\/wp-content\/uploads\/2025\/07\/404fc48b-f918-49ba-80e6-c901e6d0e29d-1-768x577.jpeg 768w, https:\/\/www.imsalud.gov.co\/web\/wp-content\/uploads\/2025\/07\/404fc48b-f918-49ba-80e6-c901e6d0e29d-1-1536x1154.jpeg 1536w, https:\/\/www.imsalud.gov.co\/web\/wp-content\/uploads\/2025\/07\/404fc48b-f918-49ba-80e6-c901e6d0e29d-1-2048x1538.jpeg 2048w\" sizes=\"auto, (max-width: 1024px) 100vw, 1024px\" \/><\/figure>\n","protected":false},"excerpt":{"rendered":"<p>La doctora Heydi Milena Rol\u00f3n Ascencio tom\u00f3 posesi\u00f3n oficial de su nuevo cargo como m\u00e9dico-administrativa ante el gerente de la ESE Imsalud, el Dr. Javier Prieto Pe\u00f1a. Este nombramiento representa [&#8230;]\n","protected":false},"author":34,"featured_media":111347,"comment_status":"closed","ping_status":"closed","sticky":false,"template":"","format":"standard","meta":{"footnotes":""},"categories":[698,515,74],"tags":[],"class_list":["post-111344","post","type-post","status-publish","format-standard","has-post-thumbnail","hentry","category-mujeres","category-ninos","category-ultimas-noticias"],"_links":{"self":[{"href":"https:\/\/www.imsalud.gov.co\/web\/wp-json\/wp\/v2\/posts\/111344","targetHints":{"allow":["GET"]}}],"collection":[{"href":"https:\/\/www.imsalud.gov.co\/web\/wp-json\/wp\/v2\/posts"}],"about":[{"href":"https:\/\/www.imsalud.gov.co\/web\/wp-json\/wp\/v2\/types\/post"}],"author":[{"embeddable":true,"href":"https:\/\/www.imsalud.gov.co\/web\/wp-json\/wp\/v2\/users\/34"}],"replies":[{"embeddable":true,"href":"https:\/\/www.imsalud.gov.co\/web\/wp-json\/wp\/v2\/comments?post=111344"}],"version-history":[{"count":1,"href":"https:\/\/www.imsalud.gov.co\/web\/wp-json\/wp\/v2\/posts\/111344\/revisions"}],"predecessor-version":[{"id":111348,"href":"https:\/\/www.imsalud.gov.co\/web\/wp-json\/wp\/v2\/posts\/111344\/revisions\/111348"}],"wp:featuredmedia":[{"embeddable":true,"href":"https:\/\/www.imsalud.gov.co\/web\/wp-json\/wp\/v2\/media\/111347"}],"wp:attachment":[{"href":"https:\/\/www.imsalud.gov.co\/web\/wp-json\/wp\/v2\/media?parent=111344"}],"wp:term":[{"taxonomy":"category","embeddable":true,"href":"https:\/\/www.imsalud.gov.co\/web\/wp-json\/wp\/v2\/categories?post=111344"},{"taxonomy":"post_tag","embeddable":true,"href":"https:\/\/www.imsalud.gov.co\/web\/wp-json\/wp\/v2\/tags?post=111344"}],"curies":[{"name":"wp","href":"https:\/\/api.w.org\/{rel}","templated":true}]}}