{"id":111095,"date":"2025-06-13T11:49:40","date_gmt":"2025-06-13T16:49:40","guid":{"rendered":"https:\/\/www.imsalud.gov.co\/web\/?p=111095"},"modified":"2025-06-13T11:49:41","modified_gmt":"2025-06-13T16:49:41","slug":"gerente-de-la-ese-imsalud-se-reune-con-ediles-de-palmarito-y-banco-de-arena-para-fortalecer-los-servicios-de-salud","status":"publish","type":"post","link":"https:\/\/www.imsalud.gov.co\/web\/sala-de-prensa\/ultimas-noticias\/gerente-de-la-ese-imsalud-se-reune-con-ediles-de-palmarito-y-banco-de-arena-para-fortalecer-los-servicios-de-salud\/","title":{"rendered":"Gerente de la ESE Imsalud se re\u00fane con Ediles de Palmarito y Banco de Arena para fortalecer los servicios de salud"},"content":{"rendered":"\n\n\n<p>El Dr. Javier Orlando Prieto Pe\u00f1a, Gerente de la ESE Imsalud, sostuvo un encuentro con los ediles Reinaldo Villasmil, Ram\u00f3n Claret, Rub\u00e9n Rodr\u00edguez, Bel\u00e9n Manzano y Jesica Ariza, del corregimiento de Palmarito y Banco de Arena, con el prop\u00f3sito de escuchar de primera mano sus propuestas e inquietudes frente a la prestaci\u00f3n de los servicios de salud en la zona.<\/p>\n\n\n\n<p>Este espacio hace parte de la pol\u00edtica de puertas abiertas que caracteriza la administraci\u00f3n del Dr. Prieto Pe\u00f1a, quien reafirm\u00f3 su compromiso con brindar una atenci\u00f3n digna, humanizada y sin barreras a la comunidad, tanto en el \u00e1rea urbana como rural.<\/p>\n\n\n\n<p>Las propuestas presentadas por los l\u00edderes comunitarios ser\u00e1n integradas a la agenda de trabajo institucional, con el objetivo de seguir mejorando la calidad del servicio y garantizar una atenci\u00f3n en salud que responda verdaderamente a las necesidades de la poblaci\u00f3n.<\/p>\n","protected":false},"excerpt":{"rendered":"<p>El Dr. Javier Orlando Prieto Pe\u00f1a, Gerente de la ESE Imsalud, sostuvo un encuentro con los ediles Reinaldo Villasmil, Ram\u00f3n Claret, Rub\u00e9n Rodr\u00edguez, Bel\u00e9n Manzano y Jesica Ariza, del corregimiento [&#8230;]\n","protected":false},"author":34,"featured_media":111096,"comment_status":"closed","ping_status":"closed","sticky":false,"template":"","format":"standard","meta":{"footnotes":""},"categories":[74],"tags":[],"class_list":["post-111095","post","type-post","status-publish","format-standard","has-post-thumbnail","hentry","category-ultimas-noticias"],"_links":{"self":[{"href":"https:\/\/www.imsalud.gov.co\/web\/wp-json\/wp\/v2\/posts\/111095","targetHints":{"allow":["GET"]}}],"collection":[{"href":"https:\/\/www.imsalud.gov.co\/web\/wp-json\/wp\/v2\/posts"}],"about":[{"href":"https:\/\/www.imsalud.gov.co\/web\/wp-json\/wp\/v2\/types\/post"}],"author":[{"embeddable":true,"href":"https:\/\/www.imsalud.gov.co\/web\/wp-json\/wp\/v2\/users\/34"}],"replies":[{"embeddable":true,"href":"https:\/\/www.imsalud.gov.co\/web\/wp-json\/wp\/v2\/comments?post=111095"}],"version-history":[{"count":1,"href":"https:\/\/www.imsalud.gov.co\/web\/wp-json\/wp\/v2\/posts\/111095\/revisions"}],"predecessor-version":[{"id":111097,"href":"https:\/\/www.imsalud.gov.co\/web\/wp-json\/wp\/v2\/posts\/111095\/revisions\/111097"}],"wp:featuredmedia":[{"embeddable":true,"href":"https:\/\/www.imsalud.gov.co\/web\/wp-json\/wp\/v2\/media\/111096"}],"wp:attachment":[{"href":"https:\/\/www.imsalud.gov.co\/web\/wp-json\/wp\/v2\/media?parent=111095"}],"wp:term":[{"taxonomy":"category","embeddable":true,"href":"https:\/\/www.imsalud.gov.co\/web\/wp-json\/wp\/v2\/categories?post=111095"},{"taxonomy":"post_tag","embeddable":true,"href":"https:\/\/www.imsalud.gov.co\/web\/wp-json\/wp\/v2\/tags?post=111095"}],"curies":[{"name":"wp","href":"https:\/\/api.w.org\/{rel}","templated":true}]}}