{"id":110969,"date":"2025-06-05T08:32:08","date_gmt":"2025-06-05T13:32:08","guid":{"rendered":"https:\/\/www.imsalud.gov.co\/web\/?p=110969"},"modified":"2025-06-05T08:32:09","modified_gmt":"2025-06-05T13:32:09","slug":"socializacion-del-plan-de-contingencia-con-la-asociacion-de-usuarios-y-lideres-de-la-comunidad-en-la-ips-aeropuerto","status":"publish","type":"post","link":"https:\/\/www.imsalud.gov.co\/web\/sala-de-prensa\/ultimas-noticias\/socializacion-del-plan-de-contingencia-con-la-asociacion-de-usuarios-y-lideres-de-la-comunidad-en-la-ips-aeropuerto\/","title":{"rendered":"Socializaci\u00f3n del plan de contingencia con la Asociaci\u00f3n de Usuarios y L\u00edderes de la Comunidad en la IPS Aeropuerto"},"content":{"rendered":"\n\n\n<p>La ESE Imsalud llev\u00f3 a cabo un encuentro con la Asociaci\u00f3n de Usuarios y l\u00edderes comunitarios de la IPS Aeropuerto, ubicada en la comuna 6, con el objetivo de socializar el plan de contingencia que se implementar\u00e1 debido a las adecuaciones en la infraestructura del centro de salud.<\/p>\n\n\n\n<p>Estas adecuaciones, de tipo menor, buscan intervenir de manera correctiva y funcional el sistema de recolecci\u00f3n, conducci\u00f3n y disposici\u00f3n de aguas residuales de la IPS. La intervenci\u00f3n permitir\u00e1 cumplir con los requisitos t\u00e9cnicos establecidos en la Resoluci\u00f3n 3100 de 2019 y dem\u00e1s normas relacionadas con la habilitaci\u00f3n de servicios de salud, adem\u00e1s de ajustarse a los est\u00e1ndares de infraestructura definidos por el Ministerio de Salud y Protecci\u00f3n Social.<\/p>\n\n\n\n<p>Las acciones programadas tienen como prop\u00f3sito mitigar riesgos sanitarios, mejorar las condiciones operativas del sistema y garantizar la continuidad de la prestaci\u00f3n de los servicios asistenciales de forma segura.<\/p>\n\n\n\n<p>Durante la socializaci\u00f3n, se reafirm\u00f3 el compromiso de la ESE Imsalud de garantizar la continuidad en la atenci\u00f3n, y se escucharon activamente las necesidades y sugerencias de la comunidad. Como resultado de este di\u00e1logo, se acord\u00f3 instalar las unidades m\u00f3viles de atenci\u00f3n frente al sal\u00f3n comunal del barrio Aeropuerto para asegurar la prestaci\u00f3n oportuna de los servicios durante el tiempo que duren las adecuaciones.<\/p>\n\n\n\n<p>El encuentro fue liderado por el gerente de la ESE Imsalud, Dr. Javier Orlando Prieto Pe\u00f1a, junto al subgerente administrativo y financiero, Dr. Yango Rodr\u00edguez; el subgerente de Atenci\u00f3n en Salud, Dr. Suren Aboudjian; la jefe de la Oficina de SIAU, Dra. Yurley Duarte; y la coordinadora de la Unidad B\u00e1sica Comuneros, Dra. Maritza Soledad Hern\u00e1ndez.<\/p>\n\n\n\n<p>Los directivos destacaron la importancia de la participaci\u00f3n comunitaria en la gesti\u00f3n de los servicios de salud y reafirmaron el compromiso de la entidad con el bienestar de los usuarios, promoviendo espacios de di\u00e1logo y construcci\u00f3n conjunta.<\/p>\n\n\n\n<figure class=\"wp-block-image size-large\"><img loading=\"lazy\" decoding=\"async\" width=\"1024\" height=\"768\" src=\"https:\/\/www.imsalud.gov.co\/web\/wp-content\/uploads\/2025\/06\/16cd6486-2cf7-44cf-803a-340119ce3ceb-1024x768.jpeg\" alt=\"\" class=\"wp-image-110971\" srcset=\"https:\/\/www.imsalud.gov.co\/web\/wp-content\/uploads\/2025\/06\/16cd6486-2cf7-44cf-803a-340119ce3ceb-1024x768.jpeg 1024w, https:\/\/www.imsalud.gov.co\/web\/wp-content\/uploads\/2025\/06\/16cd6486-2cf7-44cf-803a-340119ce3ceb-300x225.jpeg 300w, https:\/\/www.imsalud.gov.co\/web\/wp-content\/uploads\/2025\/06\/16cd6486-2cf7-44cf-803a-340119ce3ceb-768x576.jpeg 768w, https:\/\/www.imsalud.gov.co\/web\/wp-content\/uploads\/2025\/06\/16cd6486-2cf7-44cf-803a-340119ce3ceb-1536x1152.jpeg 1536w, https:\/\/www.imsalud.gov.co\/web\/wp-content\/uploads\/2025\/06\/16cd6486-2cf7-44cf-803a-340119ce3ceb.jpeg 1600w\" sizes=\"auto, (max-width: 1024px) 100vw, 1024px\" \/><\/figure>\n","protected":false},"excerpt":{"rendered":"<p>La ESE Imsalud llev\u00f3 a cabo un encuentro con la Asociaci\u00f3n de Usuarios y l\u00edderes comunitarios de la IPS Aeropuerto, ubicada en la comuna 6, con el objetivo de socializar [&#8230;]\n","protected":false},"author":34,"featured_media":110970,"comment_status":"closed","ping_status":"closed","sticky":false,"template":"","format":"standard","meta":{"footnotes":""},"categories":[698,515,74],"tags":[],"class_list":["post-110969","post","type-post","status-publish","format-standard","has-post-thumbnail","hentry","category-mujeres","category-ninos","category-ultimas-noticias"],"_links":{"self":[{"href":"https:\/\/www.imsalud.gov.co\/web\/wp-json\/wp\/v2\/posts\/110969","targetHints":{"allow":["GET"]}}],"collection":[{"href":"https:\/\/www.imsalud.gov.co\/web\/wp-json\/wp\/v2\/posts"}],"about":[{"href":"https:\/\/www.imsalud.gov.co\/web\/wp-json\/wp\/v2\/types\/post"}],"author":[{"embeddable":true,"href":"https:\/\/www.imsalud.gov.co\/web\/wp-json\/wp\/v2\/users\/34"}],"replies":[{"embeddable":true,"href":"https:\/\/www.imsalud.gov.co\/web\/wp-json\/wp\/v2\/comments?post=110969"}],"version-history":[{"count":1,"href":"https:\/\/www.imsalud.gov.co\/web\/wp-json\/wp\/v2\/posts\/110969\/revisions"}],"predecessor-version":[{"id":110972,"href":"https:\/\/www.imsalud.gov.co\/web\/wp-json\/wp\/v2\/posts\/110969\/revisions\/110972"}],"wp:featuredmedia":[{"embeddable":true,"href":"https:\/\/www.imsalud.gov.co\/web\/wp-json\/wp\/v2\/media\/110970"}],"wp:attachment":[{"href":"https:\/\/www.imsalud.gov.co\/web\/wp-json\/wp\/v2\/media?parent=110969"}],"wp:term":[{"taxonomy":"category","embeddable":true,"href":"https:\/\/www.imsalud.gov.co\/web\/wp-json\/wp\/v2\/categories?post=110969"},{"taxonomy":"post_tag","embeddable":true,"href":"https:\/\/www.imsalud.gov.co\/web\/wp-json\/wp\/v2\/tags?post=110969"}],"curies":[{"name":"wp","href":"https:\/\/api.w.org\/{rel}","templated":true}]}}