{"id":110958,"date":"2025-06-04T17:46:22","date_gmt":"2025-06-04T22:46:22","guid":{"rendered":"https:\/\/www.imsalud.gov.co\/web\/?p=110958"},"modified":"2025-06-04T18:57:26","modified_gmt":"2025-06-04T23:57:26","slug":"graduacion-de-la-segunda-cohorte-del-programa-nacer-y-crecer-consentido-2025","status":"publish","type":"post","link":"https:\/\/www.imsalud.gov.co\/web\/sala-de-prensa\/ultimas-noticias\/graduacion-de-la-segunda-cohorte-del-programa-nacer-y-crecer-consentido-2025\/","title":{"rendered":"Graduaci\u00f3n de la segunda cohorte del programa Nacer y Crecer Consentido 2025"},"content":{"rendered":"\n\n\n<p>La ESE Imsalud realiz\u00f3 la ceremonia de graduaci\u00f3n de la segunda cohorte del programa Nacer y Crecer Consentido 2025, un evento que marca el cierre de una etapa de formaci\u00f3n en salud materno-infantil y el comienzo de nuevas historias llenas de amor, responsabilidad y bienestar en cada familia.<\/p>\n\n\n\n<p>El acto fue presentado por el coordinador de la Oficina de Prensa y Comunicaciones, Ludwing Su\u00e1rez, quien dio la bienvenida a las gestantes, sus redes de apoyo, personal m\u00e9dico, docentes y autoridades de salud.<\/p>\n\n\n\n<p>En la mesa principal estuvieron presentes el jefe Rafael Estupi\u00f1an, delegado por la secretaria de Salud Municipal; el Dr. Javier Prieto Pe\u00f1a, gerente de la ESE Imsalud; la jefe de la oficina de promoci\u00f3n y mantenimiento de salud; Diana Mart\u00ednez; la Dra. Sandra Hern\u00e1ndez, coordinadora de pediatr\u00eda; Dra. Angelica Parra Ar\u00e1mbula, m\u00e9dico l\u00edder del programa, coordinadores de las UBAS; profesionales que hacen parte del programa e igualmente de la ruta maternoperinatal; entre otros.<\/p>\n\n\n\n<p>Durante el evento, se resalt\u00f3 la evoluci\u00f3n del proyecto, que naci\u00f3 como Nacer con Sentido y que hoy se fortalece como Nacer y Crecer Consentido. Gracias a esta transformaci\u00f3n, la ESE Imsalud no solo lidera la Ruta de Atenci\u00f3n Integral Materno Perinatal, sino que avanza en la implementaci\u00f3n de la Ruta Integral de Atenci\u00f3n en la Primera Infancia.<\/p>\n\n\n\n<p>La jornada incluy\u00f3 momentos emotivos como un minuto de silencio en honor a uno de los angelitos del programa, pausas activas, intervenciones teatrales y testimonios de mamitas que compartieron el impacto positivo del acompa\u00f1amiento recibido.<\/p>\n\n\n\n<p>La entrega de diplomas a gestantes de las Unidades B\u00e1sicas (Agua Clara, Policl\u00ednico, Puente Barco, Loma de Bol\u00edvar, Comuneros y UMI La Libertad) fue uno de los momentos m\u00e1s significativos. Cada diploma representa el compromiso de estas familias con la salud, la crianza amorosa y el crecimiento integral de sus hijos.<\/p>\n\n\n\n<p>Gracias al apoyo de nuestros aliados, tambi\u00e9n se entregaron obsequios y rifas dise\u00f1adas especialmente para las mamitas .<\/p>\n\n\n\n<p>Desde la ESE Imsalud reafirmamos nuestro compromiso con la salud materno-infantil en C\u00facuta y su zona rural. Programas como Nacer y Crecer Consentido seguir\u00e1n fortaleci\u00e9ndose para acompa\u00f1ar a m\u00e1s familias con atenci\u00f3n c\u00e1lida, profesional y humanizada.<\/p>\n\n\n\n<figure class=\"wp-block-image size-large\"><img loading=\"lazy\" decoding=\"async\" width=\"1024\" height=\"768\" src=\"https:\/\/www.imsalud.gov.co\/web\/wp-content\/uploads\/2025\/06\/d123c6e3-91aa-4b67-b9ab-87352b8df5e3-1024x768.jpeg\" alt=\"\" class=\"wp-image-110967\" srcset=\"https:\/\/www.imsalud.gov.co\/web\/wp-content\/uploads\/2025\/06\/d123c6e3-91aa-4b67-b9ab-87352b8df5e3-1024x768.jpeg 1024w, https:\/\/www.imsalud.gov.co\/web\/wp-content\/uploads\/2025\/06\/d123c6e3-91aa-4b67-b9ab-87352b8df5e3-300x225.jpeg 300w, https:\/\/www.imsalud.gov.co\/web\/wp-content\/uploads\/2025\/06\/d123c6e3-91aa-4b67-b9ab-87352b8df5e3-768x576.jpeg 768w, https:\/\/www.imsalud.gov.co\/web\/wp-content\/uploads\/2025\/06\/d123c6e3-91aa-4b67-b9ab-87352b8df5e3-1536x1152.jpeg 1536w, https:\/\/www.imsalud.gov.co\/web\/wp-content\/uploads\/2025\/06\/d123c6e3-91aa-4b67-b9ab-87352b8df5e3.jpeg 1600w\" sizes=\"auto, (max-width: 1024px) 100vw, 1024px\" \/><\/figure>\n","protected":false},"excerpt":{"rendered":"<p>La ESE Imsalud realiz\u00f3 la ceremonia de graduaci\u00f3n de la segunda cohorte del programa Nacer y Crecer Consentido 2025, un evento que marca el cierre de una etapa de formaci\u00f3n [&#8230;]\n","protected":false},"author":34,"featured_media":110960,"comment_status":"closed","ping_status":"closed","sticky":false,"template":"","format":"standard","meta":{"footnotes":""},"categories":[698,515,74],"tags":[],"class_list":["post-110958","post","type-post","status-publish","format-standard","has-post-thumbnail","hentry","category-mujeres","category-ninos","category-ultimas-noticias"],"_links":{"self":[{"href":"https:\/\/www.imsalud.gov.co\/web\/wp-json\/wp\/v2\/posts\/110958","targetHints":{"allow":["GET"]}}],"collection":[{"href":"https:\/\/www.imsalud.gov.co\/web\/wp-json\/wp\/v2\/posts"}],"about":[{"href":"https:\/\/www.imsalud.gov.co\/web\/wp-json\/wp\/v2\/types\/post"}],"author":[{"embeddable":true,"href":"https:\/\/www.imsalud.gov.co\/web\/wp-json\/wp\/v2\/users\/34"}],"replies":[{"embeddable":true,"href":"https:\/\/www.imsalud.gov.co\/web\/wp-json\/wp\/v2\/comments?post=110958"}],"version-history":[{"count":2,"href":"https:\/\/www.imsalud.gov.co\/web\/wp-json\/wp\/v2\/posts\/110958\/revisions"}],"predecessor-version":[{"id":110968,"href":"https:\/\/www.imsalud.gov.co\/web\/wp-json\/wp\/v2\/posts\/110958\/revisions\/110968"}],"wp:featuredmedia":[{"embeddable":true,"href":"https:\/\/www.imsalud.gov.co\/web\/wp-json\/wp\/v2\/media\/110960"}],"wp:attachment":[{"href":"https:\/\/www.imsalud.gov.co\/web\/wp-json\/wp\/v2\/media?parent=110958"}],"wp:term":[{"taxonomy":"category","embeddable":true,"href":"https:\/\/www.imsalud.gov.co\/web\/wp-json\/wp\/v2\/categories?post=110958"},{"taxonomy":"post_tag","embeddable":true,"href":"https:\/\/www.imsalud.gov.co\/web\/wp-json\/wp\/v2\/tags?post=110958"}],"curies":[{"name":"wp","href":"https:\/\/api.w.org\/{rel}","templated":true}]}}