{"id":110946,"date":"2025-06-02T11:20:43","date_gmt":"2025-06-02T16:20:43","guid":{"rendered":"https:\/\/www.imsalud.gov.co\/web\/?p=110946"},"modified":"2025-06-02T11:20:44","modified_gmt":"2025-06-02T16:20:44","slug":"la-ese-imsalud-reafirma-su-compromiso-con-la-comunidad-en-agua-clara","status":"publish","type":"post","link":"https:\/\/www.imsalud.gov.co\/web\/sala-de-prensa\/ultimas-noticias\/la-ese-imsalud-reafirma-su-compromiso-con-la-comunidad-en-agua-clara\/","title":{"rendered":"La ESE Imsalud reafirma su compromiso con la comunidad en Agua Clara"},"content":{"rendered":"\n\n\n<p>La ESE Imsalud, bajo la direcci\u00f3n del Dr. Javier Prieto Pe\u00f1a y a trav\u00e9s del Servicio de Informaci\u00f3n y Atenci\u00f3n al Usuario (SIAU), lider\u00f3 un significativo encuentro con la Asociaci\u00f3n de Usuarios y l\u00edderes de la comunidad en el corregimiento de Agua Clara. Este encuentro cont\u00f3 con el valioso apoyo del coordinador de la UBA Agua Clara, el Dr. Yonn \u00c1lvarez, quien acompa\u00f1\u00f3 a la comunidad durante esta importante jornada.<\/p>\n\n\n\n<p>La actividad busc\u00f3 fortalecer los lazos con la comunidad, promoviendo espacios de di\u00e1logo y participaci\u00f3n que permitan identificar y atender las necesidades m\u00e1s sentidas de los usuarios. Participaron representantes de la Asociaci\u00f3n de Usuarios UBA Agua Clara, las IPS Palmarito, Banco de Arena, Buena Esperanza y La Floresta, as\u00ed como presidentes de Juntas de Acci\u00f3n Comunal, ediles, l\u00edderes comunales y representantes de la poblaci\u00f3n.<\/p>\n\n\n\n<p>El encuentro fue liderado por la oficina SIAU, bajo la direcci\u00f3n de la Dra. Yurley Duarte, la jefe de Humanizaci\u00f3n, Carla Marcucci, el \u00e1rea de Planeaci\u00f3n y Calidad, y la representante de los usuarios ante la Junta Directiva, Astrid Ibarra. Se gener\u00f3 un espacio participativo para los usuarios, con el acompa\u00f1amiento de l\u00edderes comunitarios, en temas de participaci\u00f3n ciudadana y conocimiento de los servicios que garantiza la ESE Imsalud.<\/p>\n\n\n\n<p>Durante el encuentro, se abordaron temas clave como la pol\u00edtica de participaci\u00f3n comunitaria y en salud (PPSS), el programa de humanizaci\u00f3n y atenci\u00f3n con calidez, la atenci\u00f3n a la poblaci\u00f3n vulnerable y al habitante de calle, los riesgos psicosociales a trav\u00e9s de Papsivi, el uso de lengua de se\u00f1as para una atenci\u00f3n m\u00e1s inclusiva y la gesti\u00f3n de servicios para el foro rural.<\/p>\n\n\n\n<p>Desde la gerencia de la ESE Imsalud reiteramos que la voz de la comunidad es el motor que impulsa nuestras acciones. Estos espacios de di\u00e1logo y concertaci\u00f3n son fundamentales para construir una atenci\u00f3n en salud m\u00e1s cercana, inclusiva y participativa, donde cada usuario se sienta escuchado y respaldado.<\/p>\n\n\n\n<figure class=\"wp-block-image size-large\"><img loading=\"lazy\" decoding=\"async\" width=\"1024\" height=\"768\" src=\"https:\/\/www.imsalud.gov.co\/web\/wp-content\/uploads\/2025\/06\/ed6556fc-7063-4d85-8d59-87081a6ea5f1-1024x768.jpeg\" alt=\"\" class=\"wp-image-110947\" srcset=\"https:\/\/www.imsalud.gov.co\/web\/wp-content\/uploads\/2025\/06\/ed6556fc-7063-4d85-8d59-87081a6ea5f1-1024x768.jpeg 1024w, https:\/\/www.imsalud.gov.co\/web\/wp-content\/uploads\/2025\/06\/ed6556fc-7063-4d85-8d59-87081a6ea5f1-300x225.jpeg 300w, https:\/\/www.imsalud.gov.co\/web\/wp-content\/uploads\/2025\/06\/ed6556fc-7063-4d85-8d59-87081a6ea5f1-768x576.jpeg 768w, https:\/\/www.imsalud.gov.co\/web\/wp-content\/uploads\/2025\/06\/ed6556fc-7063-4d85-8d59-87081a6ea5f1-1536x1152.jpeg 1536w, https:\/\/www.imsalud.gov.co\/web\/wp-content\/uploads\/2025\/06\/ed6556fc-7063-4d85-8d59-87081a6ea5f1.jpeg 1600w\" sizes=\"auto, (max-width: 1024px) 100vw, 1024px\" \/><\/figure>\n","protected":false},"excerpt":{"rendered":"<p>La ESE Imsalud, bajo la direcci\u00f3n del Dr. Javier Prieto Pe\u00f1a y a trav\u00e9s del Servicio de Informaci\u00f3n y Atenci\u00f3n al Usuario (SIAU), lider\u00f3 un significativo encuentro con la Asociaci\u00f3n [&#8230;]\n","protected":false},"author":34,"featured_media":110948,"comment_status":"closed","ping_status":"closed","sticky":false,"template":"","format":"standard","meta":{"footnotes":""},"categories":[698,515,74],"tags":[],"class_list":["post-110946","post","type-post","status-publish","format-standard","has-post-thumbnail","hentry","category-mujeres","category-ninos","category-ultimas-noticias"],"_links":{"self":[{"href":"https:\/\/www.imsalud.gov.co\/web\/wp-json\/wp\/v2\/posts\/110946","targetHints":{"allow":["GET"]}}],"collection":[{"href":"https:\/\/www.imsalud.gov.co\/web\/wp-json\/wp\/v2\/posts"}],"about":[{"href":"https:\/\/www.imsalud.gov.co\/web\/wp-json\/wp\/v2\/types\/post"}],"author":[{"embeddable":true,"href":"https:\/\/www.imsalud.gov.co\/web\/wp-json\/wp\/v2\/users\/34"}],"replies":[{"embeddable":true,"href":"https:\/\/www.imsalud.gov.co\/web\/wp-json\/wp\/v2\/comments?post=110946"}],"version-history":[{"count":1,"href":"https:\/\/www.imsalud.gov.co\/web\/wp-json\/wp\/v2\/posts\/110946\/revisions"}],"predecessor-version":[{"id":110949,"href":"https:\/\/www.imsalud.gov.co\/web\/wp-json\/wp\/v2\/posts\/110946\/revisions\/110949"}],"wp:featuredmedia":[{"embeddable":true,"href":"https:\/\/www.imsalud.gov.co\/web\/wp-json\/wp\/v2\/media\/110948"}],"wp:attachment":[{"href":"https:\/\/www.imsalud.gov.co\/web\/wp-json\/wp\/v2\/media?parent=110946"}],"wp:term":[{"taxonomy":"category","embeddable":true,"href":"https:\/\/www.imsalud.gov.co\/web\/wp-json\/wp\/v2\/categories?post=110946"},{"taxonomy":"post_tag","embeddable":true,"href":"https:\/\/www.imsalud.gov.co\/web\/wp-json\/wp\/v2\/tags?post=110946"}],"curies":[{"name":"wp","href":"https:\/\/api.w.org\/{rel}","templated":true}]}}