{"id":110936,"date":"2025-05-30T16:31:52","date_gmt":"2025-05-30T21:31:52","guid":{"rendered":"https:\/\/www.imsalud.gov.co\/web\/?p=110936"},"modified":"2025-05-30T16:31:58","modified_gmt":"2025-05-30T21:31:58","slug":"un-paso-mas-hacia-la-excelencia-imsalud-capacita-a-su-personal-en-la-estrategia-iamii","status":"publish","type":"post","link":"https:\/\/www.imsalud.gov.co\/web\/sala-de-prensa\/ultimas-noticias\/un-paso-mas-hacia-la-excelencia-imsalud-capacita-a-su-personal-en-la-estrategia-iamii\/","title":{"rendered":"Un Paso M\u00e1s hacia la Excelencia: Imsalud Capacita a su Personal en la Estrategia IAMII"},"content":{"rendered":"\n\n\n<p>Con el prop\u00f3sito de fortalecer las capacidades del personal de salud en la atenci\u00f3n integral de la poblaci\u00f3n materna e infantil, el Dr. Javier Prieto Pe\u00f1a, gerente de la ESE Imsalud, presidi\u00f3 la apertura de la capacitaci\u00f3n IAMII (Instituci\u00f3n Amiga de la Mujer y la Infancia con Enfoque Integral) dirigida a colaboradores de la UBA Comuneros.<\/p>\n\n\n\n<p>Esta capacitaci\u00f3n tiene como objetivo promover, proteger y apoyar la pr\u00e1ctica de la lactancia materna como un factor esencial para la salud de las madres, los ni\u00f1os y las ni\u00f1as, adem\u00e1s de establecer acciones que permitan integrar los servicios y mejorar la calidad de la atenci\u00f3n que ofrece Imsalud a trav\u00e9s de su red de prestadores, en concordancia con los lineamientos ministeriales que resultan vinculantes para la entidad.<\/p>\n\n\n\n<p>Durante la jornada se abordaron temas fundamentales como la estrategia IAMII, parto digno, consejer\u00eda, identificaci\u00f3n de problemas en la madre y en el ni\u00f1o, manejo de complicaciones, mitos y realidades sobre la lactancia, nutrici\u00f3n infantil y el fortalecimiento de habilidades en consejer\u00eda.<\/p>\n\n\n\n<p>Esta iniciativa forma parte del proceso de certificaci\u00f3n IAMII, ya alcanzado por las UBAs Puente Barco y La Libertad, y reafirma el compromiso de Imsalud con la consolidaci\u00f3n de la certificaci\u00f3n en la UBA Comuneros, as\u00ed como con la prestaci\u00f3n de servicios de salud de alta calidad que respondan efectivamente a las necesidades de las usuarias y usuarios de nuestra comunidad.<\/p>\n\n\n\n<figure class=\"wp-block-image size-large\"><img loading=\"lazy\" decoding=\"async\" width=\"1024\" height=\"682\" src=\"https:\/\/www.imsalud.gov.co\/web\/wp-content\/uploads\/2025\/05\/292c641b-138a-4596-893e-76a76ffef98e-1024x682.jpeg\" alt=\"\" class=\"wp-image-110937\" srcset=\"https:\/\/www.imsalud.gov.co\/web\/wp-content\/uploads\/2025\/05\/292c641b-138a-4596-893e-76a76ffef98e-1024x682.jpeg 1024w, https:\/\/www.imsalud.gov.co\/web\/wp-content\/uploads\/2025\/05\/292c641b-138a-4596-893e-76a76ffef98e-300x200.jpeg 300w, https:\/\/www.imsalud.gov.co\/web\/wp-content\/uploads\/2025\/05\/292c641b-138a-4596-893e-76a76ffef98e-768x511.jpeg 768w, https:\/\/www.imsalud.gov.co\/web\/wp-content\/uploads\/2025\/05\/292c641b-138a-4596-893e-76a76ffef98e.jpeg 1280w\" sizes=\"auto, (max-width: 1024px) 100vw, 1024px\" \/><\/figure>\n","protected":false},"excerpt":{"rendered":"<p>Con el prop\u00f3sito de fortalecer las capacidades del personal de salud en la atenci\u00f3n integral de la poblaci\u00f3n materna e infantil, el Dr. Javier Prieto Pe\u00f1a, gerente de la ESE [&#8230;]\n","protected":false},"author":34,"featured_media":110938,"comment_status":"closed","ping_status":"closed","sticky":false,"template":"","format":"standard","meta":{"footnotes":""},"categories":[698,515,74],"tags":[],"class_list":["post-110936","post","type-post","status-publish","format-standard","has-post-thumbnail","hentry","category-mujeres","category-ninos","category-ultimas-noticias"],"_links":{"self":[{"href":"https:\/\/www.imsalud.gov.co\/web\/wp-json\/wp\/v2\/posts\/110936","targetHints":{"allow":["GET"]}}],"collection":[{"href":"https:\/\/www.imsalud.gov.co\/web\/wp-json\/wp\/v2\/posts"}],"about":[{"href":"https:\/\/www.imsalud.gov.co\/web\/wp-json\/wp\/v2\/types\/post"}],"author":[{"embeddable":true,"href":"https:\/\/www.imsalud.gov.co\/web\/wp-json\/wp\/v2\/users\/34"}],"replies":[{"embeddable":true,"href":"https:\/\/www.imsalud.gov.co\/web\/wp-json\/wp\/v2\/comments?post=110936"}],"version-history":[{"count":1,"href":"https:\/\/www.imsalud.gov.co\/web\/wp-json\/wp\/v2\/posts\/110936\/revisions"}],"predecessor-version":[{"id":110939,"href":"https:\/\/www.imsalud.gov.co\/web\/wp-json\/wp\/v2\/posts\/110936\/revisions\/110939"}],"wp:featuredmedia":[{"embeddable":true,"href":"https:\/\/www.imsalud.gov.co\/web\/wp-json\/wp\/v2\/media\/110938"}],"wp:attachment":[{"href":"https:\/\/www.imsalud.gov.co\/web\/wp-json\/wp\/v2\/media?parent=110936"}],"wp:term":[{"taxonomy":"category","embeddable":true,"href":"https:\/\/www.imsalud.gov.co\/web\/wp-json\/wp\/v2\/categories?post=110936"},{"taxonomy":"post_tag","embeddable":true,"href":"https:\/\/www.imsalud.gov.co\/web\/wp-json\/wp\/v2\/tags?post=110936"}],"curies":[{"name":"wp","href":"https:\/\/api.w.org\/{rel}","templated":true}]}}