{"id":110929,"date":"2025-05-30T13:04:31","date_gmt":"2025-05-30T18:04:31","guid":{"rendered":"https:\/\/www.imsalud.gov.co\/web\/?p=110929"},"modified":"2025-06-03T09:07:30","modified_gmt":"2025-06-03T14:07:30","slug":"la-ese-imsalud-rindio-cuentas-a-la-comunidad-con-transparencia-y-participacion-ciudadana-2","status":"publish","type":"post","link":"https:\/\/www.imsalud.gov.co\/web\/sala-de-prensa\/ultimas-noticias\/la-ese-imsalud-rindio-cuentas-a-la-comunidad-con-transparencia-y-participacion-ciudadana-2\/","title":{"rendered":"En la Secretar\u00eda de Salud se realiz\u00f3 el acto de posesi\u00f3n del nuevo representante profesional ante la Junta Directiva de la ESE Imsalud"},"content":{"rendered":"\n\n\n<p>En la Secretar\u00eda de Salud se llev\u00f3 a cabo el acto de posesi\u00f3n del Dr. Cristian Alfonso Carvajalino Mart\u00ednez como representante profesional de los empleados p\u00fablicos del sector administrativo ante la Junta Directiva de la ESE Imsalud. La ceremonia estuvo a cargo de la Dra. Taiz Ortega, secretaria de salud y miembro de la junta directiva, y cont\u00f3 con la presencia del Dr. Fabi\u00e1n P\u00e9rez, asesor de gerencia.<\/p>\n\n\n\n<p>El proceso de elecci\u00f3n para este cargo se llev\u00f3 a cabo mediante convocatoria p\u00fablica iniciada con la Resoluci\u00f3n 364 de 2025, en la cual participaron los funcionarios habilitados para postularse. Durante el proceso, el Dr. Cristian Alfonso Carvajal Lino Mart\u00ednez y el Ing. Lucas Liendo Romero presentaron sus candidaturas, resultando elegido el Dr. Carvajal Lino Mart\u00ednez mediante votaci\u00f3n democr\u00e1tica.<\/p>\n\n\n\n<p>El reconocimiento oficial de esta elecci\u00f3n se dio mediante la Resoluci\u00f3n 385 del 26 de mayo de 2025. Actualmente, el Dr. Cristian Alfonso Carvajal Lino Mart\u00ednez se encuentra vinculado a la planta de personal de la entidad en el cargo de tesorero general, c\u00f3digo 201 grado siete.<\/p>\n\n\n\n<p>Con esta posesi\u00f3n, la ESE Imsalud reafirma su compromiso con la participaci\u00f3n activa de sus empleados p\u00fablicos en la toma de decisiones que fortalecen la gesti\u00f3n administrativa y la prestaci\u00f3n de servicios a la comunidad.<\/p>\n\n\n\n<figure class=\"wp-block-image size-large\"><img loading=\"lazy\" decoding=\"async\" width=\"1024\" height=\"682\" src=\"https:\/\/www.imsalud.gov.co\/web\/wp-content\/uploads\/2025\/05\/dfcb1c81-0fc4-4f29-aed0-af7c36b51e24-1024x682.jpeg\" alt=\"\" class=\"wp-image-110930\" srcset=\"https:\/\/www.imsalud.gov.co\/web\/wp-content\/uploads\/2025\/05\/dfcb1c81-0fc4-4f29-aed0-af7c36b51e24-1024x682.jpeg 1024w, https:\/\/www.imsalud.gov.co\/web\/wp-content\/uploads\/2025\/05\/dfcb1c81-0fc4-4f29-aed0-af7c36b51e24-300x200.jpeg 300w, https:\/\/www.imsalud.gov.co\/web\/wp-content\/uploads\/2025\/05\/dfcb1c81-0fc4-4f29-aed0-af7c36b51e24-768x512.jpeg 768w, https:\/\/www.imsalud.gov.co\/web\/wp-content\/uploads\/2025\/05\/dfcb1c81-0fc4-4f29-aed0-af7c36b51e24-1536x1023.jpeg 1536w, https:\/\/www.imsalud.gov.co\/web\/wp-content\/uploads\/2025\/05\/dfcb1c81-0fc4-4f29-aed0-af7c36b51e24.jpeg 1600w\" sizes=\"auto, (max-width: 1024px) 100vw, 1024px\" \/><\/figure>\n","protected":false},"excerpt":{"rendered":"<p>En la Secretar\u00eda de Salud se llev\u00f3 a cabo el acto de posesi\u00f3n del Dr. Cristian Alfonso Carvajalino Mart\u00ednez como representante profesional de los empleados p\u00fablicos del sector administrativo ante [&#8230;]\n","protected":false},"author":34,"featured_media":110933,"comment_status":"closed","ping_status":"closed","sticky":false,"template":"","format":"standard","meta":{"footnotes":""},"categories":[698,515,74],"tags":[],"class_list":["post-110929","post","type-post","status-publish","format-standard","has-post-thumbnail","hentry","category-mujeres","category-ninos","category-ultimas-noticias"],"_links":{"self":[{"href":"https:\/\/www.imsalud.gov.co\/web\/wp-json\/wp\/v2\/posts\/110929","targetHints":{"allow":["GET"]}}],"collection":[{"href":"https:\/\/www.imsalud.gov.co\/web\/wp-json\/wp\/v2\/posts"}],"about":[{"href":"https:\/\/www.imsalud.gov.co\/web\/wp-json\/wp\/v2\/types\/post"}],"author":[{"embeddable":true,"href":"https:\/\/www.imsalud.gov.co\/web\/wp-json\/wp\/v2\/users\/34"}],"replies":[{"embeddable":true,"href":"https:\/\/www.imsalud.gov.co\/web\/wp-json\/wp\/v2\/comments?post=110929"}],"version-history":[{"count":2,"href":"https:\/\/www.imsalud.gov.co\/web\/wp-json\/wp\/v2\/posts\/110929\/revisions"}],"predecessor-version":[{"id":110951,"href":"https:\/\/www.imsalud.gov.co\/web\/wp-json\/wp\/v2\/posts\/110929\/revisions\/110951"}],"wp:featuredmedia":[{"embeddable":true,"href":"https:\/\/www.imsalud.gov.co\/web\/wp-json\/wp\/v2\/media\/110933"}],"wp:attachment":[{"href":"https:\/\/www.imsalud.gov.co\/web\/wp-json\/wp\/v2\/media?parent=110929"}],"wp:term":[{"taxonomy":"category","embeddable":true,"href":"https:\/\/www.imsalud.gov.co\/web\/wp-json\/wp\/v2\/categories?post=110929"},{"taxonomy":"post_tag","embeddable":true,"href":"https:\/\/www.imsalud.gov.co\/web\/wp-json\/wp\/v2\/tags?post=110929"}],"curies":[{"name":"wp","href":"https:\/\/api.w.org\/{rel}","templated":true}]}}