{"id":110646,"date":"2025-05-15T20:23:58","date_gmt":"2025-05-16T01:23:58","guid":{"rendered":"https:\/\/www.imsalud.gov.co\/web\/?p=110646"},"modified":"2025-06-04T17:50:26","modified_gmt":"2025-06-04T22:50:26","slug":"sa25-981","status":"publish","type":"post","link":"https:\/\/www.imsalud.gov.co\/web\/contratacion\/contratacion-2025\/sa25-981\/","title":{"rendered":"SA25-981"},"content":{"rendered":"\n<p style=\"text-align: left;\"><strong>Objeto Contractual:<\/strong> Contrataci\u00f3n de Estudios y Dise\u00f1os para la construcci\u00f3n de la IPS San Mateo, IPS Santa Ana e IPS Toledo Plata de la ESE IMSALUD.<\/p>\n<p style=\"text-align: center;\"><strong><a href=\"https:\/\/www.imsalud.gov.co\/web\/wp-content\/uploads\/2025\/05\/INVITACION-PUBLICA-SA25-981.pdf\" target=\"_blank\" rel=\"noopener\">Invitaci\u00f3n P\u00fablica<\/a><br>\n<a href=\"https:\/\/www.imsalud.gov.co\/web\/wp-content\/uploads\/2025\/05\/ESTUDIO-PREVIO-SA25-981.pdf\" target=\"_blank\" rel=\"noopener\">Estudio Previo<\/a><br>\n<a href=\"https:\/\/www.imsalud.gov.co\/web\/wp-content\/uploads\/2025\/05\/JUSTIFICACION-SA25-981.pdf\" target=\"_blank\" rel=\"noopener\">Justificaci\u00f3n de la Necesidad<\/a><br>\n<a href=\"https:\/\/www.imsalud.gov.co\/web\/wp-content\/uploads\/2025\/05\/CDP-SA25-981.pdf\" target=\"_blank\" rel=\"noopener\">Certificaci\u00f3n de Disponibilidad Presupuestal<\/a><br>\n<a href=\"https:\/\/www.imsalud.gov.co\/web\/wp-content\/uploads\/2025\/05\/PAA-SA25-981.pdf\" target=\"_blank\" rel=\"noopener\">Certificaci\u00f3n de Viabilidad PAA<\/a><br>\n<a href=\"https:\/\/www.imsalud.gov.co\/web\/wp-content\/uploads\/2025\/05\/ESTUDIO-ECONOMICO-SA25-981.pdf\" target=\"_blank\" rel=\"noopener\">Estudio Econ\u00f3mico<\/a><br>\n<a href=\"https:\/\/www.imsalud.gov.co\/web\/wp-content\/uploads\/2025\/05\/SOLICITUD-DE-ESTADOS-FINANCIEROS-SA25-981.pdf\" target=\"_blank\" rel=\"noopener\">Solicitud de Estados Financieros<\/a><br>\n<a href=\"https:\/\/www.imsalud.gov.co\/web\/wp-content\/uploads\/2025\/05\/Adenda-01-SA25-981-Contratacion-de-estudios-y-disenos.pdf\" target=\"_blank\" rel=\"noopener\">Adenda No: 01 a los t\u00e9rminos de Condiciones<\/a><br>\n<a href=\"https:\/\/www.imsalud.gov.co\/web\/wp-content\/uploads\/2025\/05\/ACTA-DE-REUNION-No.01.pdf\" target=\"_blank\" rel=\"noopener\">Acta de Reuni\u00f3n No: 01<\/a><br>\n<a href=\"https:\/\/www.imsalud.gov.co\/web\/wp-content\/uploads\/2025\/05\/ACTA-DE-REUNION-2.pdf\" target=\"_blank\" rel=\"noopener\">Acta de Reuni\u00f3n No: 02<\/a><br>\n<a href=\"https:\/\/www.imsalud.gov.co\/web\/wp-content\/uploads\/2025\/05\/ACTA-DE-REUNION-3-SA25-981.pdf\" target=\"_blank\" rel=\"noopener\">Acta de Reuni\u00f3n No: 03<\/a><br>\n<a href=\"https:\/\/www.imsalud.gov.co\/web\/wp-content\/uploads\/2025\/05\/ADENDA-02-ESTUDIOS-Y-DISENOS.pdf\" target=\"_blank\" rel=\"noopener\">Adenda No: 02 a los t\u00e9rminos de Condiciones<\/a><br>\n<a href=\"https:\/\/www.imsalud.gov.co\/web\/wp-content\/uploads\/2025\/05\/ACTA-DE-CIERRE-SA25-981.pdf\" target=\"_blank\" rel=\"noopener\">Acta de Cierre<\/a><br>\n<a href=\"https:\/\/www.imsalud.gov.co\/web\/wp-content\/uploads\/2025\/05\/PROPUESTA-REQUISITOS-HABILITANTES.pdf\" target=\"_blank\" rel=\"noopener\">Propuesta Requisitos Habilitantes<\/a><br>\n<a href=\"https:\/\/www.imsalud.gov.co\/web\/wp-content\/uploads\/2025\/05\/PROPUESTA-CRITERIOS-DE-SELECCION-SA25-981.pdf\" target=\"_blank\" rel=\"noopener\">Propuesta Criterios de Selecci\u00f3n<\/a><br>\n<a href=\"https:\/\/www.imsalud.gov.co\/web\/wp-content\/uploads\/2025\/05\/PROPUESTA-CAPACIDAD-FINANCIERA-SA25-981.pdf\" target=\"_blank\" rel=\"noopener\">Propuesta Capacidad Financiera<\/a><br>\n<a href=\"https:\/\/www.imsalud.gov.co\/web\/wp-content\/uploads\/2025\/05\/PROPUESTA-CAPACIDAD-JURIDICA-SA25-981.pdf\" target=\"_blank\" rel=\"noopener\">Propuesta Capacidad Jur\u00eddica<\/a><br>\n<a href=\"https:\/\/www.imsalud.gov.co\/web\/wp-content\/uploads\/2025\/05\/HOJAS-DE-VIDA-PARTE-1-SA25-981.pdf\" target=\"_blank\" rel=\"noopener\">Hojas de vida parte 1<\/a><br>\n<a href=\"https:\/\/www.imsalud.gov.co\/web\/wp-content\/uploads\/2025\/05\/HOJAS-DE-VIDA-PARTE-2-SA25-981.pdf\" target=\"_blank\" rel=\"noopener\">Hojas de vida parte 2<\/a><br>\n<a href=\"https:\/\/www.imsalud.gov.co\/web\/wp-content\/uploads\/2025\/05\/HOJAS-DE-VIDA-PARTE-3-SA25-981.pdf\" target=\"_blank\" rel=\"noopener\">Hojas de vida parte 3<\/a><br>\n<a href=\"https:\/\/www.imsalud.gov.co\/web\/wp-content\/uploads\/2025\/05\/Rta-a-Observaciones-Extemporaneas-SA25-981.pdf\" target=\"_blank\" rel=\"noopener\">Respuesta a Observaciones Extempor\u00e1neas<\/a><br>\n<a href=\"https:\/\/www.imsalud.gov.co\/web\/wp-content\/uploads\/2025\/05\/Informe-de-evaluacion-Convocatoria-Menor-cuantia-SSA25-981.pdf\" target=\"_blank\" rel=\"noopener\">Informe de Evaluaci\u00f3n Convocatoria P\u00fablica<\/a><br>\n<a href=\"https:\/\/www.imsalud.gov.co\/web\/wp-content\/uploads\/2025\/06\/RESOLUCION-DE-ADJUDICACION-SA25-981.pdf\" target=\"_blank\" rel=\"noopener\">Resoluci\u00f3n No: 398 de Adjudicaci\u00f3n<\/a><br>\n<a href=\"https:\/\/www.imsalud.gov.co\/web\/wp-content\/uploads\/2025\/06\/CONTRATO-940-DE-2025-SA25-981-ESTUDIOS-Y-DISENOS-CONSTRUCCION-IPSS.pdf\" target=\"_blank\" rel=\"noopener\">Contrato de Consultor\u00eda No: 940 de 2025<\/a><\/strong><\/p>\n&nbsp;\n","protected":false},"excerpt":{"rendered":"<p>Objeto Contractual: Contrataci\u00f3n de Estudios y Dise\u00f1os para la construcci\u00f3n de la IPS San Mateo, IPS Santa Ana e IPS Toledo Plata de la ESE IMSALUD. Invitaci\u00f3n P\u00fablica Estudio Previo [&#8230;]\n","protected":false},"author":19,"featured_media":0,"comment_status":"closed","ping_status":"closed","sticky":false,"template":"","format":"standard","meta":{"footnotes":""},"categories":[715],"tags":[],"class_list":["post-110646","post","type-post","status-publish","format-standard","hentry","category-contratacion-2025"],"_links":{"self":[{"href":"https:\/\/www.imsalud.gov.co\/web\/wp-json\/wp\/v2\/posts\/110646","targetHints":{"allow":["GET"]}}],"collection":[{"href":"https:\/\/www.imsalud.gov.co\/web\/wp-json\/wp\/v2\/posts"}],"about":[{"href":"https:\/\/www.imsalud.gov.co\/web\/wp-json\/wp\/v2\/types\/post"}],"author":[{"embeddable":true,"href":"https:\/\/www.imsalud.gov.co\/web\/wp-json\/wp\/v2\/users\/19"}],"replies":[{"embeddable":true,"href":"https:\/\/www.imsalud.gov.co\/web\/wp-json\/wp\/v2\/comments?post=110646"}],"version-history":[{"count":10,"href":"https:\/\/www.imsalud.gov.co\/web\/wp-json\/wp\/v2\/posts\/110646\/revisions"}],"predecessor-version":[{"id":110966,"href":"https:\/\/www.imsalud.gov.co\/web\/wp-json\/wp\/v2\/posts\/110646\/revisions\/110966"}],"wp:attachment":[{"href":"https:\/\/www.imsalud.gov.co\/web\/wp-json\/wp\/v2\/media?parent=110646"}],"wp:term":[{"taxonomy":"category","embeddable":true,"href":"https:\/\/www.imsalud.gov.co\/web\/wp-json\/wp\/v2\/categories?post=110646"},{"taxonomy":"post_tag","embeddable":true,"href":"https:\/\/www.imsalud.gov.co\/web\/wp-json\/wp\/v2\/tags?post=110646"}],"curies":[{"name":"wp","href":"https:\/\/api.w.org\/{rel}","templated":true}]}}