{"id":110576,"date":"2025-05-10T12:46:59","date_gmt":"2025-05-10T17:46:59","guid":{"rendered":"https:\/\/www.imsalud.gov.co\/web\/?p=110576"},"modified":"2025-05-10T12:47:00","modified_gmt":"2025-05-10T17:47:00","slug":"la-ese-imsalud-rindio-cuentas-a-la-comunidad-con-transparencia-y-participacion-ciudadana","status":"publish","type":"post","link":"https:\/\/www.imsalud.gov.co\/web\/sala-de-prensa\/ultimas-noticias\/la-ese-imsalud-rindio-cuentas-a-la-comunidad-con-transparencia-y-participacion-ciudadana\/","title":{"rendered":"La ESE Imsalud rindi\u00f3 cuentas a la comunidad con transparencia y participaci\u00f3n ciudadana"},"content":{"rendered":"\n\n\n<p>Con el objetivo de fortalecer la transparencia y la participaci\u00f3n ciudadana, la ESE Imsalud, en cabeza de su gerente, el Dr. Javier Orlando Prieto Pe\u00f1a, realiz\u00f3 hoy viernes 9 de mayo de 2025 la Audiencia P\u00fablica de Rendici\u00f3n de Cuentas \u2013 Vigencia 2024, un espacio dedicado a mostrar a la ciudadan\u00eda la gesti\u00f3n y el manejo responsable de los recursos durante el \u00faltimo a\u00f1o.<\/p>\n\n\n\n<p>Por primera vez, una entidad p\u00fablica de la ciudad llev\u00f3 a cabo su rendici\u00f3n de cuentas en un espacio abierto a la comunidad, permitiendo as\u00ed una participaci\u00f3n activa y directa de los ciudadanos. La jornada se desarroll\u00f3 en el Centro Tecnol\u00f3gico de la Ciudadela Juan Atalaya, ubicado en el barrio Comuneros, Comuna 7 de San Jos\u00e9 de C\u00facuta.<\/p>\n\n\n\n<p>Durante la audiencia, el Dr. Javier Orlando Prieto Pe\u00f1a present\u00f3 los avances, logros y acciones ejecutadas por la entidad. Destac\u00f3 que la ESE Imsalud cuenta con una muy buena salud financiera y que, de acuerdo con la categorizaci\u00f3n otorgada por el Ministerio de Salud y Protecci\u00f3n Social, est\u00e1 clasificada como una entidad sin riesgo financiero. Adem\u00e1s, resalt\u00f3 que, en cumplimiento de su Plan de Desarrollo, durante el 2024 se logr\u00f3 la adecuaci\u00f3n de la infraestructura de varias UBAS e IPS, el fortalecimiento de la llegada de los Equipos B\u00e1sicos de Salud a diversas comunas del municipio, el fortalecimiento a la ruta maternoperinatal con la llegada de Ginecobstetras y Pediatras ; fortalecimiento al programa de Humanizaci\u00f3n, certificaci\u00f3n de dos Unidades B\u00e1sicas en IAMII siendo una Instituci\u00f3n Amiga de la Mujer y la Infancia con enfoque Integral y la certificaci\u00f3n en habilitaci\u00f3n de 14 IPS, un avance significativo, teniendo en cuenta que al momento de su llegada a la gerencia solo se contaba con una IPS habilitada de las 37 que conforman la red de la ESE Imsalud.<\/p>\n\n\n\n<p>El evento cont\u00f3 con la presencia de autoridades departamentales, miembros de la Junta Directiva de la ESE Imsalud y directivos; as\u00ed como la participaci\u00f3n de presidentes de las Juntas de Acci\u00f3n Comunal, representantes de la Asociaci\u00f3n de Usuarios, ediles y medios de comunicaci\u00f3n, quienes acompa\u00f1aron y respaldaron este ejercicio de transparencia. Adem\u00e1s, la audiencia fue transmitida de forma virtual a trav\u00e9s de las plataformas oficiales de la entidad en Facebook y en el canal de YouTube, permitiendo que m\u00e1s ciudadanos se conectaran y participaran activamente mediante comentarios y concursos.<\/p>\n\n\n\n<p>Con esta iniciativa, la ESE Imsalud reafirma su compromiso con una gesti\u00f3n transparente, participativa y cercana a la comunidad, consolidando la confianza de los usuarios en la administraci\u00f3n liderada por el Dr. Javier Orlando Prieto Pe\u00f1a.<\/p>\n\n\n\n<figure class=\"wp-block-image size-large\"><img loading=\"lazy\" decoding=\"async\" width=\"1024\" height=\"768\" src=\"https:\/\/www.imsalud.gov.co\/web\/wp-content\/uploads\/2025\/05\/IMG_5941-1024x768.webp\" alt=\"\" class=\"wp-image-110577\" srcset=\"https:\/\/www.imsalud.gov.co\/web\/wp-content\/uploads\/2025\/05\/IMG_5941-1024x768.webp 1024w, https:\/\/www.imsalud.gov.co\/web\/wp-content\/uploads\/2025\/05\/IMG_5941-300x225.webp 300w, https:\/\/www.imsalud.gov.co\/web\/wp-content\/uploads\/2025\/05\/IMG_5941-768x576.webp 768w, https:\/\/www.imsalud.gov.co\/web\/wp-content\/uploads\/2025\/05\/IMG_5941-1536x1152.webp 1536w, https:\/\/www.imsalud.gov.co\/web\/wp-content\/uploads\/2025\/05\/IMG_5941-2048x1536.webp 2048w\" sizes=\"auto, (max-width: 1024px) 100vw, 1024px\" \/><\/figure>\n","protected":false},"excerpt":{"rendered":"<p>Con el objetivo de fortalecer la transparencia y la participaci\u00f3n ciudadana, la ESE Imsalud, en cabeza de su gerente, el Dr. Javier Orlando Prieto Pe\u00f1a, realiz\u00f3 hoy viernes 9 de [&#8230;]\n","protected":false},"author":34,"featured_media":110578,"comment_status":"closed","ping_status":"closed","sticky":false,"template":"","format":"standard","meta":{"footnotes":""},"categories":[698,515,74],"tags":[],"class_list":["post-110576","post","type-post","status-publish","format-standard","has-post-thumbnail","hentry","category-mujeres","category-ninos","category-ultimas-noticias"],"_links":{"self":[{"href":"https:\/\/www.imsalud.gov.co\/web\/wp-json\/wp\/v2\/posts\/110576","targetHints":{"allow":["GET"]}}],"collection":[{"href":"https:\/\/www.imsalud.gov.co\/web\/wp-json\/wp\/v2\/posts"}],"about":[{"href":"https:\/\/www.imsalud.gov.co\/web\/wp-json\/wp\/v2\/types\/post"}],"author":[{"embeddable":true,"href":"https:\/\/www.imsalud.gov.co\/web\/wp-json\/wp\/v2\/users\/34"}],"replies":[{"embeddable":true,"href":"https:\/\/www.imsalud.gov.co\/web\/wp-json\/wp\/v2\/comments?post=110576"}],"version-history":[{"count":1,"href":"https:\/\/www.imsalud.gov.co\/web\/wp-json\/wp\/v2\/posts\/110576\/revisions"}],"predecessor-version":[{"id":110579,"href":"https:\/\/www.imsalud.gov.co\/web\/wp-json\/wp\/v2\/posts\/110576\/revisions\/110579"}],"wp:featuredmedia":[{"embeddable":true,"href":"https:\/\/www.imsalud.gov.co\/web\/wp-json\/wp\/v2\/media\/110578"}],"wp:attachment":[{"href":"https:\/\/www.imsalud.gov.co\/web\/wp-json\/wp\/v2\/media?parent=110576"}],"wp:term":[{"taxonomy":"category","embeddable":true,"href":"https:\/\/www.imsalud.gov.co\/web\/wp-json\/wp\/v2\/categories?post=110576"},{"taxonomy":"post_tag","embeddable":true,"href":"https:\/\/www.imsalud.gov.co\/web\/wp-json\/wp\/v2\/tags?post=110576"}],"curies":[{"name":"wp","href":"https:\/\/api.w.org\/{rel}","templated":true}]}}