{"id":110568,"date":"2025-05-09T20:29:25","date_gmt":"2025-05-10T01:29:25","guid":{"rendered":"https:\/\/www.imsalud.gov.co\/web\/?p=110568"},"modified":"2025-05-28T17:46:13","modified_gmt":"2025-05-28T22:46:13","slug":"sa25-978","status":"publish","type":"post","link":"https:\/\/www.imsalud.gov.co\/web\/contratacion\/contratacion-2025\/sa25-978\/","title":{"rendered":"SA25-978"},"content":{"rendered":"\n<p style=\"text-align: left;\"><strong>Objeto Contractual:<\/strong> Contratar el Plan de Seguros Generales de la Entidad Conforme los Ramos Multiriesgo (Incendio, Rotura de Maquinaria, Sustracci\u00f3n, Corriente D\u00e9bil, RC General, Autom\u00f3viles, Responsabilidad Civil RC, Servidores P\u00fablicos, Manejo Global y RC Cl\u00ednicas y Hospitales.<\/p>\n<p style=\"text-align: center;\"><strong><a href=\"https:\/\/www.imsalud.gov.co\/web\/wp-content\/uploads\/2025\/05\/INVITACIONPUBLICA-PROCESO-SA25-978-SEGUROS.pdf\" target=\"_blank\" rel=\"noopener\">Invitaci\u00f3n P\u00fablica<\/a><br>\n<a href=\"https:\/\/www.imsalud.gov.co\/web\/wp-content\/uploads\/2025\/05\/ESTUDIO-PREVIO-PROCESO-SA25-978.pdf\" target=\"_blank\" rel=\"noopener\">Estudio Previo<\/a><br>\n<a href=\"https:\/\/www.imsalud.gov.co\/web\/wp-content\/uploads\/2025\/05\/JUSTIFICACION-DE-NECESIDAD-PROCESO-SA25-978.pdf\" target=\"_blank\" rel=\"noopener\">Justificaci\u00f3n de la Necesidad<\/a><br>\n<a href=\"https:\/\/www.imsalud.gov.co\/web\/wp-content\/uploads\/2025\/05\/CDP-PROCESO-SA25-978.pdf\" target=\"_blank\" rel=\"noopener\">Certificaci\u00f3n de Disponibilidad Presupuestal<\/a><br>\n<a href=\"https:\/\/www.imsalud.gov.co\/web\/wp-content\/uploads\/2025\/05\/PAA-PROCESO-SA25-978.pdf\" target=\"_blank\" rel=\"noopener\">Certificaci\u00f3n de Viabilidad PAA<\/a><br>\n<a href=\"https:\/\/www.imsalud.gov.co\/web\/wp-content\/uploads\/2025\/05\/ADENDA-SEGUROS-2025.pdf\" target=\"_blank\" rel=\"noopener\">Adenda No: 01<\/a><br>\n<a href=\"https:\/\/www.imsalud.gov.co\/web\/wp-content\/uploads\/2025\/05\/CHAT-DE-OBSERVACIONES-PROCESO-SA25-978-SEGUROS.pdf\" target=\"_blank\" rel=\"noopener\">Chat de Observaciones<\/a><br>\n<a href=\"https:\/\/www.imsalud.gov.co\/web\/wp-content\/uploads\/2025\/05\/ADENDA-02-PROCESO-SA25-978.pdf\" target=\"_blank\" rel=\"noopener\">Adenda No: 02<\/a><br>\n<a href=\"https:\/\/www.imsalud.gov.co\/web\/wp-content\/uploads\/2025\/05\/01.-certificacion-estados-financieros-diciembre-2023.pdf\" target=\"_blank\" rel=\"noopener\">Certificaci\u00f3n Estados Financieros Diciembre 2023<\/a><br>\n<a href=\"https:\/\/www.imsalud.gov.co\/web\/wp-content\/uploads\/2025\/05\/CERTIFICACION-ESTADOS-FINANCIEROS-DICIEMBRE-2024-1.pdf\" target=\"_blank\" rel=\"noopener\">Certificaci\u00f3n Estados Financieros Diciembre 2024<\/a><br>\n<a href=\"https:\/\/www.imsalud.gov.co\/web\/wp-content\/uploads\/2025\/05\/ESTADO-DE-RESULTADOS-A-DICIEMBRE-DE-2023.pdf\" target=\"_blank\" rel=\"noopener\">Estado de Resultados a Diciembre 2023<\/a><br>\n<a href=\"https:\/\/www.imsalud.gov.co\/web\/wp-content\/uploads\/2025\/05\/ESTADO-DE-RESULTADOS-A-DICIEMBRE-DE-2024.pdf\" target=\"_blank\" rel=\"noopener\">Estado de Resultados a Diciembre 2024<\/a><br>\n<a href=\"https:\/\/www.imsalud.gov.co\/web\/wp-content\/uploads\/2025\/05\/ESTADO-DE-SITUACION-FINANCIERA-A-DICIEMBRE-DE-2023.pdf\" target=\"_blank\" rel=\"noopener\">Estado de Situaci\u00f3n Financiera a Diciembre 2023<\/a><br>\n<a href=\"https:\/\/www.imsalud.gov.co\/web\/wp-content\/uploads\/2025\/05\/ESTADO-DE-SITUACION-FINANCIERA-A-DICIEMBRE-DE-2024.pdf\" target=\"_blank\" rel=\"noopener\">Estado de Situaci\u00f3n Financiera a Diciembre 2024<\/a><br>\n<a href=\"https:\/\/www.imsalud.gov.co\/web\/wp-content\/uploads\/2025\/05\/1.-Acuerdo-001-de-1999-de-la-ESE-IMSALUD-ESTRUCTURA-Y-FUNCIONES-D-ELAS-DEPENDENCIAS.pdf\" target=\"_blank\" rel=\"noopener\">Acuerdo 001 de 1999 de la ESE IMSALUD &#8211; Estructura y Funciones de las dependencias<\/a><br>\n<a href=\"https:\/\/www.imsalud.gov.co\/web\/wp-content\/uploads\/2025\/05\/DIE-01-P-12-F-02-FORMULARIO-UNICO-DE-CONOCIMIENTO-DE-SARLAFT-PERSONAS-JURIDICAS-1-2.xlsx\" target=\"_blank\" rel=\"noopener\">Formulario \u00danico de SARLAFT personas jur\u00eddicas<\/a><br>\n<a href=\"https:\/\/www.imsalud.gov.co\/web\/wp-content\/uploads\/2025\/05\/FORMULARIO-DE-SOLICITUD-PARA-POLIZA-DE-RESPONSABILIDAD-PARA-SERVIDORES-PUBLICOS-1.pdf\" target=\"_blank\" rel=\"noopener\">Formulario de solicitud para P\u00f3liza de Responsabilidad para Servidores P\u00fablicos (1)<\/a><br>\n<a href=\"https:\/\/www.imsalud.gov.co\/web\/wp-content\/uploads\/2025\/05\/FORMULARIO-DE-SOLICITUD-PARA-POLIZA-DE-RESPONSABILIDAD-PARA-SERVIDORES-PUBLICOS-2.pdf\" target=\"_blank\" rel=\"noopener\">Formulario de solicitud para P\u00f3liza de Responsabilidad para Servidores P\u00fablicos (2)<\/a><br>\n<a href=\"https:\/\/www.imsalud.gov.co\/web\/wp-content\/uploads\/2025\/05\/LISTADO-DE-AUTOMOVILES.xlsx\" target=\"_blank\" rel=\"noopener\">Listado de Autom\u00f3viles<\/a><br>\n<a href=https:\/\/www.imsalud.gov.co\/web\/wp-content\/uploads\/2025\/05\/LISTADO-DE-PERSONAL-DE-PLANTA-ASEGURADO-1.xls\" target=\"_blank\" rel=\"noopener\">Listado de Personal de Planta Asegurado<\/a><br>\n<a href=\"https:\/\/www.imsalud.gov.co\/web\/wp-content\/uploads\/2025\/05\/RELACION-RIESGOS-ABRIL-2025-ACTIVOS-FIJOS-1.xlsx\" target=\"_blank\" rel=\"noopener\">Relaci\u00f3n Riesgos Abril 2025 Activos Fijos<\/a><br>\n<a href=\"https:\/\/www.imsalud.gov.co\/web\/wp-content\/uploads\/2025\/05\/SINIESTRALIDAD-5-ANOS-IMSALUD-1.pdf\" target=\"_blank\" rel=\"noopener\">Siniestrabilidad 5 a\u00f1os IMSALUD<\/a><br>\n<a href=\"https:\/\/www.imsalud.gov.co\/web\/wp-content\/uploads\/2025\/05\/TIC-01-M-01-F-01-FORMATO-ACUERDO-DE-CONFIDENCIALIDAD-9.docx\" target=\"_blank\" rel=\"noopener\">Formato Acuerdo de Confidencialidad<\/a><br>\n<a href=\"https:\/\/www.imsalud.gov.co\/web\/wp-content\/uploads\/2025\/05\/TIC-01-M-03-F-01-FORMATO-AUTORIZACION-DE-TRATAMIENTO-DE-DATOS-PERSONALES-4-1.docx\" target=\"_blank\" rel=\"noopener\">Formato Autorizaci\u00f3n de Tratamiento de Datos Personales<\/a><br>\n<a href=\"https:\/\/www.imsalud.gov.co\/web\/wp-content\/uploads\/2025\/05\/WhatsApp-Image-2025-05-14-at-5.25.51-PM-1.jpeg\" target=\"_blank\" rel=\"noopener\">Factura electr\u00f3nica de venta<\/a><br>\n<a href=\"https:\/\/www.imsalud.gov.co\/web\/wp-content\/uploads\/2025\/05\/LISTADO-DE-BIENES-ABRIL-2025-.xlsx\" target=\"_blank\" rel=\"noopener\">Listado de Bienes Abril 2025<\/a><br>\n<a href=\"https:\/\/www.imsalud.gov.co\/web\/wp-content\/uploads\/2025\/05\/ACLARACION-01-PROCESO-SA25-978-SEGUROS.pdf\" target=\"_blank\" rel=\"noopener\">Aclaraci\u00f3n No: 01 a los t\u00e9rminos de condiciones<\/a><br>\n<a href=\"https:\/\/www.imsalud.gov.co\/web\/wp-content\/uploads\/2025\/05\/ACTA-DE-CIERRE-PROCESO-SA25-978.pdf\" target=\"_blank\" rel=\"noopener\">Acta de Cierre<\/a><br>\n<a href=\"https:\/\/www.imsalud.gov.co\/web\/wp-content\/uploads\/2025\/05\/INFORME-EVALUACION-PROCESO-SA25-978.pdf\" target=\"_blank\" rel=\"noopener\">Informe de Evaluaci\u00f3n<\/a><br>\n<a href=\"https:\/\/www.imsalud.gov.co\/web\/wp-content\/uploads\/2025\/05\/CONTRATO-924.pdf\" target=\"_blank\" rel=\"noopener\">Contrato 924<\/a><br>\n<a href=\"https:\/\/www.imsalud.gov.co\/web\/wp-content\/uploads\/2025\/05\/PROPUESTA-ASEGURADORA-SOLIDARIA-TOMO-1.pdf\" target=\"_blank\" rel=\"noopener\">Propuesta Aseguradora Solidaria Tomo1<\/a><br>\n<a href=\"https:\/\/www.imsalud.gov.co\/web\/wp-content\/uploads\/2025\/05\/PROPUESTA-ASEGURADORA-SOLIDARIA-TOMO-2.pdf\" target=\"_blank\" rel=\"noopener\">Propuesta Aseguradora Solidaria Tomo2<\/a><br>\n<a href=\"https:\/\/www.imsalud.gov.co\/web\/wp-content\/uploads\/2025\/05\/PROPUESTA-ASEGURADORA-SOLIDARIA-TOMO-3.pdf\" target=\"_blank\" rel=\"noopener\">Propuesta Aseguradora Solidaria Tomo3<\/a><br>\n<a href=\"https:\/\/www.imsalud.gov.co\/web\/wp-content\/uploads\/2025\/05\/PROPUESTA-ASEGURADORA-SOLIDARIA-TOMO-4.pdf\" target=\"_blank\" rel=\"noopener\">Propuesta Aseguradora Solidaria Tomo4<\/a><br>\n<a href=\"https:\/\/www.imsalud.gov.co\/web\/wp-content\/uploads\/2025\/05\/PROPUESTA-LA-PREVISORA-TOMO-1.pdf\" target=\"_blank\" rel=\"noopener\">Propuesta La Previsora Tomo1<\/a><br>\n<a href=\"https:\/\/www.imsalud.gov.co\/web\/wp-content\/uploads\/2025\/05\/PROPUESTA-LA-PREVISORA-TOMO-2.pdf\" target=\"_blank\" rel=\"noopener\">Propuesta La Previsora Tomo2<\/a><br>\n<a href=\"https:\/\/www.imsalud.gov.co\/web\/wp-content\/uploads\/2025\/05\/PROPUESTA-LA-PREVISORA-TOMO-3.pdf\" target=\"_blank\" rel=\"noopener\">Propuesta La Previsora Tomo3<\/a><br>\n<a href=\"https:\/\/www.imsalud.gov.co\/web\/wp-content\/uploads\/2025\/05\/ACTA-924.pdf\" target=\"_blank\" rel=\"noopener\">Acta de Inicio<\/a><br>\n<a href=\"https:\/\/www.imsalud.gov.co\/web\/wp-content\/uploads\/2025\/05\/RP-924.pdf\" target=\"_blank\" rel=\"noopener\">Registro Presupuestal<\/a><br>\n<a href=\"https:\/\/www.imsalud.gov.co\/web\/wp-content\/uploads\/2025\/05\/POLIZA-924.pdf\" target=\"_blank\" rel=\"noopener\">Aprobaci\u00f3n de Garant\u00eda<\/a><\/strong><\/p>\n&nbsp;\n","protected":false},"excerpt":{"rendered":"<p>Objeto Contractual: Contratar el Plan de Seguros Generales de la Entidad Conforme los Ramos Multiriesgo (Incendio, Rotura de Maquinaria, Sustracci\u00f3n, Corriente D\u00e9bil, RC General, Autom\u00f3viles, Responsabilidad Civil RC, Servidores P\u00fablicos, [&#8230;]\n","protected":false},"author":19,"featured_media":0,"comment_status":"closed","ping_status":"closed","sticky":false,"template":"","format":"standard","meta":{"footnotes":""},"categories":[715],"tags":[],"class_list":["post-110568","post","type-post","status-publish","format-standard","hentry","category-contratacion-2025"],"_links":{"self":[{"href":"https:\/\/www.imsalud.gov.co\/web\/wp-json\/wp\/v2\/posts\/110568","targetHints":{"allow":["GET"]}}],"collection":[{"href":"https:\/\/www.imsalud.gov.co\/web\/wp-json\/wp\/v2\/posts"}],"about":[{"href":"https:\/\/www.imsalud.gov.co\/web\/wp-json\/wp\/v2\/types\/post"}],"author":[{"embeddable":true,"href":"https:\/\/www.imsalud.gov.co\/web\/wp-json\/wp\/v2\/users\/19"}],"replies":[{"embeddable":true,"href":"https:\/\/www.imsalud.gov.co\/web\/wp-json\/wp\/v2\/comments?post=110568"}],"version-history":[{"count":9,"href":"https:\/\/www.imsalud.gov.co\/web\/wp-json\/wp\/v2\/posts\/110568\/revisions"}],"predecessor-version":[{"id":110915,"href":"https:\/\/www.imsalud.gov.co\/web\/wp-json\/wp\/v2\/posts\/110568\/revisions\/110915"}],"wp:attachment":[{"href":"https:\/\/www.imsalud.gov.co\/web\/wp-json\/wp\/v2\/media?parent=110568"}],"wp:term":[{"taxonomy":"category","embeddable":true,"href":"https:\/\/www.imsalud.gov.co\/web\/wp-json\/wp\/v2\/categories?post=110568"},{"taxonomy":"post_tag","embeddable":true,"href":"https:\/\/www.imsalud.gov.co\/web\/wp-json\/wp\/v2\/tags?post=110568"}],"curies":[{"name":"wp","href":"https:\/\/api.w.org\/{rel}","templated":true}]}}