{"id":110400,"date":"2025-04-29T15:00:05","date_gmt":"2025-04-29T20:00:05","guid":{"rendered":"https:\/\/www.imsalud.gov.co\/web\/?p=110400"},"modified":"2025-04-29T15:00:06","modified_gmt":"2025-04-29T20:00:06","slug":"gerente-de-la-ese-imsalud-realiza-recorrido-de-medios-invitando-a-la-comunidad-a-su-rendicion-de-cuentas-vigencia-2024","status":"publish","type":"post","link":"https:\/\/www.imsalud.gov.co\/web\/sala-de-prensa\/ultimas-noticias\/gerente-de-la-ese-imsalud-realiza-recorrido-de-medios-invitando-a-la-comunidad-a-su-rendicion-de-cuentas-vigencia-2024\/","title":{"rendered":"GERENTE DE LA ESE IMSALUD REALIZA RECORRIDO DE MEDIOS INVITANDO A LA COMUNIDAD A SU RENDICI\u00d3N DE CUENTAS VIGENCIA 2024"},"content":{"rendered":"\n\n\n<p>El doctor Javier Orlando Prieto Pe\u00f1a, gerente de la ESE Imsalud, llev\u00f3 a cabo un importante recorrido por diversos medios de comunicaci\u00f3n de la ciudad, con el prop\u00f3sito de invitar a toda la ciudadan\u00eda a participar activamente en la rendici\u00f3n de cuentas correspondiente a la vigencia 2024, que se realizar\u00e1 el pr\u00f3ximo 9 de mayo a las 4:00 p. m. en el Centro Tecnol\u00f3gico de C\u00facuta, ubicado en el barrio Comuneros de la Ciudadela de Juan Atalaya.<\/p>\n\n\n\n<p>Durante estos espacios de di\u00e1logo, el doctor Prieto Pe\u00f1a comparti\u00f3 algunos de los principales logros alcanzados en sus primeros 365 d\u00edas de gesti\u00f3n, resaltando avances fundamentales en la prestaci\u00f3n de los servicios de salud, como el proceso de habilitaci\u00f3n de 14 IPS durante el a\u00f1o 2024, la consolidaci\u00f3n y fortalecimiento de los Equipos B\u00e1sicos de Salud (EBS), mejoras significativas en infraestructura para las IPS de la entidad y los avances en el proyecto para lograr el Hospital de Segundo Nivel Policl\u00ednico Juana Atalaya, una obra estrat\u00e9gica para la red p\u00fablica de salud de C\u00facuta.<\/p>\n\n\n\n<p>El gerente enfatiz\u00f3 que esta rendici\u00f3n de cuentas se llevar\u00e1 a cabo en un espacio abierto a la comunidad, siendo esta la primera vez que la ESE IMSALUD realiza este ejercicio en un escenario p\u00fablico y participativo, con el fin de garantizar la transparencia en el manejo de los recursos y promover una ciudadan\u00eda informada y activa en los procesos institucionales.<\/p>\n\n\n\n<p>El recorrido de medios incluy\u00f3 su presencia en La Voz del Norte, participando en los programas \u201cLa Voz de los Barrios\u201d con Jorge G\u00f3mez y \u201cEn la Mira\u201d con Freddy Fernando Parada. Tambi\u00e9n visit\u00f3 la Cadena Radial Caracol, siendo entrevistado en las emisoras B\u00e9same, Tropicana y Caracol Noticias. Finalmente, cerr\u00f3 su agenda con una entrevista especial en el Canal TRO, donde ampli\u00f3 detalles de su gesti\u00f3n y los retos venideros para la ESE Imsalud.<\/p>\n\n\n\n<p>La invitaci\u00f3n queda extendida para todos los cucute\u00f1os y cucute\u00f1as a asistir y conocer de primera mano c\u00f3mo se est\u00e1n invirtiendo los recursos p\u00fablicos en beneficio de la salud de la comunidad.<\/p>\n\n\n\n<figure class=\"wp-block-image size-large\"><img loading=\"lazy\" decoding=\"async\" width=\"1024\" height=\"761\" src=\"https:\/\/www.imsalud.gov.co\/web\/wp-content\/uploads\/2025\/04\/5ec3e8e4-7e50-43c5-92ee-5cceb72eae30-1024x761.jpeg\" alt=\"\" class=\"wp-image-110402\" srcset=\"https:\/\/www.imsalud.gov.co\/web\/wp-content\/uploads\/2025\/04\/5ec3e8e4-7e50-43c5-92ee-5cceb72eae30-1024x761.jpeg 1024w, https:\/\/www.imsalud.gov.co\/web\/wp-content\/uploads\/2025\/04\/5ec3e8e4-7e50-43c5-92ee-5cceb72eae30-300x223.jpeg 300w, https:\/\/www.imsalud.gov.co\/web\/wp-content\/uploads\/2025\/04\/5ec3e8e4-7e50-43c5-92ee-5cceb72eae30-768x571.jpeg 768w, https:\/\/www.imsalud.gov.co\/web\/wp-content\/uploads\/2025\/04\/5ec3e8e4-7e50-43c5-92ee-5cceb72eae30.jpeg 1170w\" sizes=\"auto, (max-width: 1024px) 100vw, 1024px\" \/><\/figure>\n","protected":false},"excerpt":{"rendered":"<p>El doctor Javier Orlando Prieto Pe\u00f1a, gerente de la ESE Imsalud, llev\u00f3 a cabo un importante recorrido por diversos medios de comunicaci\u00f3n de la ciudad, con el prop\u00f3sito de invitar [&#8230;]\n","protected":false},"author":34,"featured_media":0,"comment_status":"closed","ping_status":"closed","sticky":false,"template":"","format":"standard","meta":{"footnotes":""},"categories":[74],"tags":[],"class_list":["post-110400","post","type-post","status-publish","format-standard","hentry","category-ultimas-noticias"],"_links":{"self":[{"href":"https:\/\/www.imsalud.gov.co\/web\/wp-json\/wp\/v2\/posts\/110400","targetHints":{"allow":["GET"]}}],"collection":[{"href":"https:\/\/www.imsalud.gov.co\/web\/wp-json\/wp\/v2\/posts"}],"about":[{"href":"https:\/\/www.imsalud.gov.co\/web\/wp-json\/wp\/v2\/types\/post"}],"author":[{"embeddable":true,"href":"https:\/\/www.imsalud.gov.co\/web\/wp-json\/wp\/v2\/users\/34"}],"replies":[{"embeddable":true,"href":"https:\/\/www.imsalud.gov.co\/web\/wp-json\/wp\/v2\/comments?post=110400"}],"version-history":[{"count":1,"href":"https:\/\/www.imsalud.gov.co\/web\/wp-json\/wp\/v2\/posts\/110400\/revisions"}],"predecessor-version":[{"id":110403,"href":"https:\/\/www.imsalud.gov.co\/web\/wp-json\/wp\/v2\/posts\/110400\/revisions\/110403"}],"wp:attachment":[{"href":"https:\/\/www.imsalud.gov.co\/web\/wp-json\/wp\/v2\/media?parent=110400"}],"wp:term":[{"taxonomy":"category","embeddable":true,"href":"https:\/\/www.imsalud.gov.co\/web\/wp-json\/wp\/v2\/categories?post=110400"},{"taxonomy":"post_tag","embeddable":true,"href":"https:\/\/www.imsalud.gov.co\/web\/wp-json\/wp\/v2\/tags?post=110400"}],"curies":[{"name":"wp","href":"https:\/\/api.w.org\/{rel}","templated":true}]}}