{"id":110305,"date":"2025-04-09T15:21:35","date_gmt":"2025-04-09T20:21:35","guid":{"rendered":"https:\/\/www.imsalud.gov.co\/web\/?p=110305"},"modified":"2025-04-09T15:21:36","modified_gmt":"2025-04-09T20:21:36","slug":"gerente-de-la-ese-imsalud-recibio-al-alcalde-y-a-la-secretaria-de-salud-municipal-en-la-ips-la-ermita","status":"publish","type":"post","link":"https:\/\/www.imsalud.gov.co\/web\/sala-de-prensa\/ultimas-noticias\/gerente-de-la-ese-imsalud-recibio-al-alcalde-y-a-la-secretaria-de-salud-municipal-en-la-ips-la-ermita\/","title":{"rendered":"Gerente de la ESE Imsalud recibi\u00f3 al Alcalde y a la Secretaria de Salud Municipal en la IPS La Ermita"},"content":{"rendered":"\n\n\n<p>El gerente de la ESE Imsalud, el Dr. Javier Prieto Pe\u00f1a, recibi\u00f3 al alcalde de San Jos\u00e9 de C\u00facuta, Jorge Acevedo, y a la secretaria de Salud Municipal, la Dra. Taiz Ortega, en la IPS La Ermita, donde se presentaron las recientes adecuaciones de infraestructura realizadas para optimizar los servicios de salud.<\/p>\n\n\n\n<p>Este fortalecimiento de infraestructura no solo busca mejorar la prestaci\u00f3n del servicio, sino tambi\u00e9n avanzar en la habilitaci\u00f3n de las sedes, un objetivo fundamental que ya ha mostrado resultados positivos. En 2024, la ESE Imsalud logr\u00f3 habilitar 14 IPS en el municipio (10 en la zona urbana y 4 en la zona rural), garantizando espacios adecuados y dignos para la atenci\u00f3n de los usuarios.<\/p>\n\n\n\n<p>Durante el recorrido tambi\u00e9n se visitaron las IPS Palmeras y Belisario, las cuales ser\u00e1n intervenidas en su totalidad con el fin de garantizar la calidad, seguridad y accesibilidad de los servicios de salud en estas zonas.<\/p>\n\n\n\n<p>Estas acciones reafirman el compromiso de la Gerencia y del talento humano de la ESE Imsalud en el proceso de acreditaci\u00f3n institucional, avanzando con paso firme para ofrecer una atenci\u00f3n con calidad, calidez y humanizaci\u00f3n en todo el municipio.<\/p>\n\n\n\n<figure class=\"wp-block-gallery has-nested-images columns-default is-cropped wp-block-gallery-1 is-layout-flex wp-block-gallery-is-layout-flex\">\n<figure class=\"wp-block-image size-large\"><img loading=\"lazy\" decoding=\"async\" width=\"1024\" height=\"756\" data-id=\"110307\" src=\"https:\/\/www.imsalud.gov.co\/web\/wp-content\/uploads\/2025\/04\/5c121a87-869c-4f4c-891c-bb4da7cc8628-1024x756.jpeg\" alt=\"\" class=\"wp-image-110307\" srcset=\"https:\/\/www.imsalud.gov.co\/web\/wp-content\/uploads\/2025\/04\/5c121a87-869c-4f4c-891c-bb4da7cc8628-1024x756.jpeg 1024w, https:\/\/www.imsalud.gov.co\/web\/wp-content\/uploads\/2025\/04\/5c121a87-869c-4f4c-891c-bb4da7cc8628-300x222.jpeg 300w, https:\/\/www.imsalud.gov.co\/web\/wp-content\/uploads\/2025\/04\/5c121a87-869c-4f4c-891c-bb4da7cc8628-768x567.jpeg 768w, https:\/\/www.imsalud.gov.co\/web\/wp-content\/uploads\/2025\/04\/5c121a87-869c-4f4c-891c-bb4da7cc8628.jpeg 1170w\" sizes=\"auto, (max-width: 1024px) 100vw, 1024px\" \/><\/figure>\n<\/figure>\n","protected":false},"excerpt":{"rendered":"<p>El gerente de la ESE Imsalud, el Dr. Javier Prieto Pe\u00f1a, recibi\u00f3 al alcalde de San Jos\u00e9 de C\u00facuta, Jorge Acevedo, y a la secretaria de Salud Municipal, la Dra. [&#8230;]\n","protected":false},"author":34,"featured_media":110306,"comment_status":"closed","ping_status":"closed","sticky":false,"template":"","format":"standard","meta":{"footnotes":""},"categories":[698,515,74],"tags":[],"class_list":["post-110305","post","type-post","status-publish","format-standard","has-post-thumbnail","hentry","category-mujeres","category-ninos","category-ultimas-noticias"],"_links":{"self":[{"href":"https:\/\/www.imsalud.gov.co\/web\/wp-json\/wp\/v2\/posts\/110305","targetHints":{"allow":["GET"]}}],"collection":[{"href":"https:\/\/www.imsalud.gov.co\/web\/wp-json\/wp\/v2\/posts"}],"about":[{"href":"https:\/\/www.imsalud.gov.co\/web\/wp-json\/wp\/v2\/types\/post"}],"author":[{"embeddable":true,"href":"https:\/\/www.imsalud.gov.co\/web\/wp-json\/wp\/v2\/users\/34"}],"replies":[{"embeddable":true,"href":"https:\/\/www.imsalud.gov.co\/web\/wp-json\/wp\/v2\/comments?post=110305"}],"version-history":[{"count":1,"href":"https:\/\/www.imsalud.gov.co\/web\/wp-json\/wp\/v2\/posts\/110305\/revisions"}],"predecessor-version":[{"id":110308,"href":"https:\/\/www.imsalud.gov.co\/web\/wp-json\/wp\/v2\/posts\/110305\/revisions\/110308"}],"wp:featuredmedia":[{"embeddable":true,"href":"https:\/\/www.imsalud.gov.co\/web\/wp-json\/wp\/v2\/media\/110306"}],"wp:attachment":[{"href":"https:\/\/www.imsalud.gov.co\/web\/wp-json\/wp\/v2\/media?parent=110305"}],"wp:term":[{"taxonomy":"category","embeddable":true,"href":"https:\/\/www.imsalud.gov.co\/web\/wp-json\/wp\/v2\/categories?post=110305"},{"taxonomy":"post_tag","embeddable":true,"href":"https:\/\/www.imsalud.gov.co\/web\/wp-json\/wp\/v2\/tags?post=110305"}],"curies":[{"name":"wp","href":"https:\/\/api.w.org\/{rel}","templated":true}]}}