{"id":109409,"date":"2025-04-04T18:44:33","date_gmt":"2025-04-04T23:44:33","guid":{"rendered":"https:\/\/www.imsalud.gov.co\/web\/?p=109409"},"modified":"2025-04-04T18:44:39","modified_gmt":"2025-04-04T23:44:39","slug":"ese-imsalud-recibe-visita-de-referenciacion-por-parte-de-la-ese-regional-norte-hospital-de-tibu","status":"publish","type":"post","link":"https:\/\/www.imsalud.gov.co\/web\/sala-de-prensa\/ultimas-noticias\/ese-imsalud-recibe-visita-de-referenciacion-por-parte-de-la-ese-regional-norte-hospital-de-tibu\/","title":{"rendered":"ESE IMSALUD RECIBE VISITA DE REFERENCIACI\u00d3N POR PARTE DE LA ESE REGIONAL NORTE \u2013 HOSPITAL DE TIB\u00da"},"content":{"rendered":"\n\n\n<p>Con el objetivo de conocer de cerca los avances en materia de mejoramiento continuo de la infraestructura f\u00edsica y el fortalecimiento de la imagen corporativa, la ESE Regional Norte \u2013 Hospital de Tib\u00fa realiz\u00f3 una visita de referenciaci\u00f3n a la ESE Imsalud, en la ciudad de C\u00facuta.<\/p>\n\n\n\n<p>La jornada cont\u00f3 con la presencia de la Dra. Ana Mar\u00eda P\u00e9rez, gerente del Hospital de Tib\u00fa, acompa\u00f1ada de un equipo de funcionarios de dicha entidad, quienes fueron recibidos por el gerente de la ESE Imsalud, Dr. Javier Prieto Pe\u00f1a.<\/p>\n\n\n\n<p>Este espacio de intercambio institucional fue liderado por la Oficina de Planeaci\u00f3n y Calidad de la ESE Imsalud, a cargo de la Dra. Clara Cuadros, con el apoyo de la profesional especializada Luz Conde y el arquitecto Jos\u00e9 Bautista.<\/p>\n\n\n\n<p>Durante la agenda, se desarroll\u00f3 inicialmente una presentaci\u00f3n en la sala de juntas, centrada en el fortalecimiento de la imagen corporativa y la implementaci\u00f3n del manual de marca, a cargo del coordinador de prensa y comunicaciones, Ludwing Su\u00e1rez Pati\u00f1o, junto con Kristyam Capera, profesional apoyo Dise\u00f1o gr\u00e1fico; quien expuso sobre la aplicaci\u00f3n del manual de marca.<\/p>\n\n\n\n<p>Posteriormente, los equipos se dirigieron a la IPS La Ermita, donde se realiz\u00f3 un recorrido para evidenciar las adecuaciones en infraestructura, as\u00ed como la implementaci\u00f3n de elementos gr\u00e1ficos, se\u00f1al\u00e9tica y colores institucionales, alineados con la identidad visual de la entidad.<\/p>\n\n\n\n<p>Este ejercicio de referenciaci\u00f3n demuestra el compromiso de Imsalud con la mejora continua y el deseo de compartir buenas pr\u00e1cticas que fortalezcan el quehacer de las instituciones de salud en la regi\u00f3n. Nos sentimos orgullosos de ser un referente para otras entidades y de aportar al desarrollo conjunto del sector salud.<\/p>\n\n\n\n<figure class=\"wp-block-image size-large\"><img loading=\"lazy\" decoding=\"async\" width=\"1024\" height=\"768\" src=\"https:\/\/www.imsalud.gov.co\/web\/wp-content\/uploads\/2025\/04\/40cb2bec-c210-47ea-9c2e-ffd849a6e218-1024x768.jpeg\" alt=\"\" class=\"wp-image-109410\" srcset=\"https:\/\/www.imsalud.gov.co\/web\/wp-content\/uploads\/2025\/04\/40cb2bec-c210-47ea-9c2e-ffd849a6e218-1024x768.jpeg 1024w, https:\/\/www.imsalud.gov.co\/web\/wp-content\/uploads\/2025\/04\/40cb2bec-c210-47ea-9c2e-ffd849a6e218-300x225.jpeg 300w, https:\/\/www.imsalud.gov.co\/web\/wp-content\/uploads\/2025\/04\/40cb2bec-c210-47ea-9c2e-ffd849a6e218-768x576.jpeg 768w, https:\/\/www.imsalud.gov.co\/web\/wp-content\/uploads\/2025\/04\/40cb2bec-c210-47ea-9c2e-ffd849a6e218-1536x1152.jpeg 1536w, https:\/\/www.imsalud.gov.co\/web\/wp-content\/uploads\/2025\/04\/40cb2bec-c210-47ea-9c2e-ffd849a6e218-155x116.jpeg 155w, https:\/\/www.imsalud.gov.co\/web\/wp-content\/uploads\/2025\/04\/40cb2bec-c210-47ea-9c2e-ffd849a6e218.jpeg 1600w\" sizes=\"auto, (max-width: 1024px) 100vw, 1024px\" \/><\/figure>\n","protected":false},"excerpt":{"rendered":"<p>Con el objetivo de conocer de cerca los avances en materia de mejoramiento continuo de la infraestructura f\u00edsica y el fortalecimiento de la imagen corporativa, la ESE Regional Norte \u2013 [&#8230;]\n","protected":false},"author":34,"featured_media":109411,"comment_status":"closed","ping_status":"closed","sticky":false,"template":"","format":"standard","meta":{"footnotes":""},"categories":[698,515,74],"tags":[],"class_list":["post-109409","post","type-post","status-publish","format-standard","has-post-thumbnail","hentry","category-mujeres","category-ninos","category-ultimas-noticias"],"_links":{"self":[{"href":"https:\/\/www.imsalud.gov.co\/web\/wp-json\/wp\/v2\/posts\/109409","targetHints":{"allow":["GET"]}}],"collection":[{"href":"https:\/\/www.imsalud.gov.co\/web\/wp-json\/wp\/v2\/posts"}],"about":[{"href":"https:\/\/www.imsalud.gov.co\/web\/wp-json\/wp\/v2\/types\/post"}],"author":[{"embeddable":true,"href":"https:\/\/www.imsalud.gov.co\/web\/wp-json\/wp\/v2\/users\/34"}],"replies":[{"embeddable":true,"href":"https:\/\/www.imsalud.gov.co\/web\/wp-json\/wp\/v2\/comments?post=109409"}],"version-history":[{"count":1,"href":"https:\/\/www.imsalud.gov.co\/web\/wp-json\/wp\/v2\/posts\/109409\/revisions"}],"predecessor-version":[{"id":109412,"href":"https:\/\/www.imsalud.gov.co\/web\/wp-json\/wp\/v2\/posts\/109409\/revisions\/109412"}],"wp:featuredmedia":[{"embeddable":true,"href":"https:\/\/www.imsalud.gov.co\/web\/wp-json\/wp\/v2\/media\/109411"}],"wp:attachment":[{"href":"https:\/\/www.imsalud.gov.co\/web\/wp-json\/wp\/v2\/media?parent=109409"}],"wp:term":[{"taxonomy":"category","embeddable":true,"href":"https:\/\/www.imsalud.gov.co\/web\/wp-json\/wp\/v2\/categories?post=109409"},{"taxonomy":"post_tag","embeddable":true,"href":"https:\/\/www.imsalud.gov.co\/web\/wp-json\/wp\/v2\/tags?post=109409"}],"curies":[{"name":"wp","href":"https:\/\/api.w.org\/{rel}","templated":true}]}}