{"id":108546,"date":"2025-04-02T11:48:37","date_gmt":"2025-04-02T16:48:37","guid":{"rendered":"https:\/\/www.imsalud.gov.co\/web\/?p=108546"},"modified":"2025-04-02T11:48:44","modified_gmt":"2025-04-02T16:48:44","slug":"la-ese-imsalud-fortalece-su-acercamiento-a-la-comunidad-de-la-comuna-9","status":"publish","type":"post","link":"https:\/\/www.imsalud.gov.co\/web\/sala-de-prensa\/ultimas-noticias\/la-ese-imsalud-fortalece-su-acercamiento-a-la-comunidad-de-la-comuna-9\/","title":{"rendered":"La ESE IMSALUD fortalece su acercamiento a la comunidad de la Comuna 9"},"content":{"rendered":"\n\n\n<p>La ESE IMSALUD, en su compromiso con la comunidad, llev\u00f3 a cabo el primer encuentro con los habitantes de la Comuna 9 en la IPS Cundinamarca, perteneciente a la UBA Loma de Bol\u00edvar. Este espacio cont\u00f3 con la presencia del gerente, el Dr. Javier Orlando Prieto Pe\u00f1a, quien, junto a su equipo, escuch\u00f3 las necesidades de los usuarios y socializ\u00f3 las mejoras en la prestaci\u00f3n de servicios de salud.<\/p>\n\n\n\n<p>Durante la jornada, se resalt\u00f3 la pol\u00edtica de humanizaci\u00f3n del servicio, uno de los pilares de la entidad, y se present\u00f3 la oferta de salud disponible en las 37 IPS y UBAS. Tambi\u00e9n se aclar\u00f3 que la ESE IMSALUD es una empresa prestadora de servicios de salud de primer nivel, pero no es la responsable de la entrega de medicamentos, funci\u00f3n que corresponde a las EPS.<\/p>\n\n\n\n<p>El evento cont\u00f3 con la participaci\u00f3n de L\u00edderes Comunales, Ediles, Presidentes de Juntas de Acci\u00f3n Comunal de la comuna 9 y representantes de la comunidad, adem\u00e1s de los profesionales de la IPS Cundinamarca. Igualmente de la coordinadora del SIAU, Yurley Duarte Duarte, las profesionales de la Oficina de Planeaci\u00f3n Martha P\u00e9rez, referente de farmacovigilancia y Carla Marcucci, referente de humanizaci\u00f3n. Asimismo, Ludwing Su\u00e1rez, coordinador de Prensa y Comunicaciones, quien socializ\u00f3 la oferta de servicios de la ESE y explic\u00f3 las mejoras que se vienen implementando en la entidad.<\/p>\n\n\n\n<p>La jornada cont\u00f3 con la presencia de la coordinadora de la UBA Loma de Bol\u00edvar, Jorley Quintero Lozano, quien particip\u00f3 activamente en la socializaci\u00f3n de informaci\u00f3n.<\/p>\n\n\n\n<p>Gracias a la articulaci\u00f3n con Javier Su\u00e1rez, presidente de la JAC del barrio Cundinamarca, y Fredy Bustamante, edil de la Comuna 9, esta actividad se llev\u00f3 a cabo con \u00e9xito, organizada por la jefe de la Oficina de Servicio de Informaci\u00f3n y Atenci\u00f3n al Usuario (SIAU), con el apoyo del profesional Edwin Cepeda.<\/p>\n\n\n\n<p>El gerente destac\u00f3 que este modelo de atenci\u00f3n cercana y de puertas abiertas continuar\u00e1 replic\u00e1ndose en otras comunas. La pr\u00f3xima reuni\u00f3n se llevar\u00e1 a cabo en la UBA de Comuneros, con un enfoque especial en el acercamiento a la Comuna 7, reafirmando el compromiso de la ESE IMSALUD con la mejora continua y la calidad en la prestaci\u00f3n de servicios.<\/p>\n\n\n\n<figure class=\"wp-block-image size-large\"><img loading=\"lazy\" decoding=\"async\" width=\"1024\" height=\"766\" src=\"https:\/\/www.imsalud.gov.co\/web\/wp-content\/uploads\/2025\/04\/437b7741-ab3c-4383-bdae-52e6fb59f8de-1024x766.jpeg\" alt=\"\" class=\"wp-image-108549\" srcset=\"https:\/\/www.imsalud.gov.co\/web\/wp-content\/uploads\/2025\/04\/437b7741-ab3c-4383-bdae-52e6fb59f8de-1024x766.jpeg 1024w, https:\/\/www.imsalud.gov.co\/web\/wp-content\/uploads\/2025\/04\/437b7741-ab3c-4383-bdae-52e6fb59f8de-300x224.jpeg 300w, https:\/\/www.imsalud.gov.co\/web\/wp-content\/uploads\/2025\/04\/437b7741-ab3c-4383-bdae-52e6fb59f8de-768x574.jpeg 768w, https:\/\/www.imsalud.gov.co\/web\/wp-content\/uploads\/2025\/04\/437b7741-ab3c-4383-bdae-52e6fb59f8de-155x116.jpeg 155w, https:\/\/www.imsalud.gov.co\/web\/wp-content\/uploads\/2025\/04\/437b7741-ab3c-4383-bdae-52e6fb59f8de.jpeg 1170w\" sizes=\"auto, (max-width: 1024px) 100vw, 1024px\" \/><\/figure>\n","protected":false},"excerpt":{"rendered":"<p>La ESE IMSALUD, en su compromiso con la comunidad, llev\u00f3 a cabo el primer encuentro con los habitantes de la Comuna 9 en la IPS Cundinamarca, perteneciente a la UBA [&#8230;]\n","protected":false},"author":34,"featured_media":108548,"comment_status":"closed","ping_status":"closed","sticky":false,"template":"","format":"standard","meta":{"footnotes":""},"categories":[698,515,74],"tags":[],"class_list":["post-108546","post","type-post","status-publish","format-standard","has-post-thumbnail","hentry","category-mujeres","category-ninos","category-ultimas-noticias"],"_links":{"self":[{"href":"https:\/\/www.imsalud.gov.co\/web\/wp-json\/wp\/v2\/posts\/108546","targetHints":{"allow":["GET"]}}],"collection":[{"href":"https:\/\/www.imsalud.gov.co\/web\/wp-json\/wp\/v2\/posts"}],"about":[{"href":"https:\/\/www.imsalud.gov.co\/web\/wp-json\/wp\/v2\/types\/post"}],"author":[{"embeddable":true,"href":"https:\/\/www.imsalud.gov.co\/web\/wp-json\/wp\/v2\/users\/34"}],"replies":[{"embeddable":true,"href":"https:\/\/www.imsalud.gov.co\/web\/wp-json\/wp\/v2\/comments?post=108546"}],"version-history":[{"count":1,"href":"https:\/\/www.imsalud.gov.co\/web\/wp-json\/wp\/v2\/posts\/108546\/revisions"}],"predecessor-version":[{"id":108550,"href":"https:\/\/www.imsalud.gov.co\/web\/wp-json\/wp\/v2\/posts\/108546\/revisions\/108550"}],"wp:featuredmedia":[{"embeddable":true,"href":"https:\/\/www.imsalud.gov.co\/web\/wp-json\/wp\/v2\/media\/108548"}],"wp:attachment":[{"href":"https:\/\/www.imsalud.gov.co\/web\/wp-json\/wp\/v2\/media?parent=108546"}],"wp:term":[{"taxonomy":"category","embeddable":true,"href":"https:\/\/www.imsalud.gov.co\/web\/wp-json\/wp\/v2\/categories?post=108546"},{"taxonomy":"post_tag","embeddable":true,"href":"https:\/\/www.imsalud.gov.co\/web\/wp-json\/wp\/v2\/tags?post=108546"}],"curies":[{"name":"wp","href":"https:\/\/api.w.org\/{rel}","templated":true}]}}