{"id":106833,"date":"2025-03-27T13:34:30","date_gmt":"2025-03-27T18:34:30","guid":{"rendered":"https:\/\/www.imsalud.gov.co\/web\/?p=106833"},"modified":"2025-03-27T15:49:58","modified_gmt":"2025-03-27T20:49:58","slug":"la-ese-imsalud-entrega-a-la-comunidad-la-ips-la-ermita","status":"publish","type":"post","link":"https:\/\/www.imsalud.gov.co\/web\/sala-de-prensa\/ultimas-noticias\/la-ese-imsalud-entrega-a-la-comunidad-la-ips-la-ermita\/","title":{"rendered":"La ESE Imsalud entrega a la comunidad la IPS La Ermita"},"content":{"rendered":"\n\n\n<p><em>Un centro de salud moderno para el bienestar de los cucute\u00f1os<\/em><\/p>\n\n\n\n<p><em>San Jos\u00e9 de C\u00facuta, 2025<\/em>\u2013 La ESE Imsalud reafirma su compromiso con la salud de la comunidad con la entrega oficial de la IPS La Ermita, un punto de atenci\u00f3n clave que ha sido sometido a importantes adecuaciones para garantizar un servicio con mayor calidad, seguridad y humanizaci\u00f3n.<\/p>\n\n\n\n<p>Bajo la administraci\u00f3n del Dr. Javier Prieto Pe\u00f1a, gerente de la entidad, se llevaron a cabo mejoras en la infraestructura de este centro de salud, que ha funcionado de manera ininterrumpida en la zona y hoy cuenta con espacios optimizados para la atenci\u00f3n de los usuarios. Gracias a la gesti\u00f3n de la ESE Imsalud y el respaldo del Ministerio de Salud y Protecci\u00f3n Social, la IPS La Ermita cumple ahora con los est\u00e1ndares exigidos para una prestaci\u00f3n de servicios eficiente y digna.<\/p>\n\n\n\n<p>M\u00e1s servicios y mejor infraestructura para la comunidad<\/p>\n\n\n\n<p>Las adecuaciones realizadas permiten que la IPS La Ermita refuerce su capacidad de atenci\u00f3n, asegurando ambientes m\u00e1s seguros y c\u00f3modos cumpliendo con lo establecido en la resoluci\u00f3n 3100 de 2019 de Ministerio de Salud y Protecci\u00f3n Social para pacientes y personal de salud. Actualmente, el centro ofrece los siguientes servicios:<br>\u2022 Medicina general<br>\u2022 Enfermer\u00eda<br>\u2022 Toma de muestras ginecol\u00f3gicas y de cuello uterino<br>\u2022 Vacunaci\u00f3n<br>\u2022 Odontolog\u00eda<\/p>\n\n\n\n<p>Adem\u00e1s, la comunidad puede acceder a estos servicios en horarios extendidos, facilitando la atenci\u00f3n a m\u00e1s usuarios:<br>\u2022 Medicina General y Enfermer\u00eda: 7:00 a.m. &#8211; 7:00 p.m.<br>\u2022 Odontolog\u00eda, Vacunaci\u00f3n y Citolog\u00eda: 7:00 a.m. &#8211; 3:00 p.m.<\/p>\n\n\n\n<p>Una gesti\u00f3n que fortalece la salud p\u00fablica en C\u00facuta<\/p>\n\n\n\n<p>Durante el acto de entrega, el Dr. Javier Prieto Pe\u00f1a destac\u00f3 que estas mejoras hacen parte del plan de desarrollo de la ESE Imsalud para optimizar la red p\u00fablica de salud en la ciudad y su zona rural, cumpliendo con su prop\u00f3sito de una entidad moderna, alineada a su propuesta de valor Imsalud.<\/p>\n\n\n\n<p>\u201cLa IPS La Ermita siempre ha estado al servicio de la comunidad, pero con estas adecuaciones garantizamos una atenci\u00f3n m\u00e1s digna y eficiente. Nuestro compromiso es seguir fortaleciendo la infraestructura de salud para ofrecer espacios \u00f3ptimos y atenci\u00f3n humanizada a todos los cucute\u00f1os\u201d, afirm\u00f3 el gerente.<\/p>\n\n\n\n<p>Con esta intervenci\u00f3n, la ESE Imsalud avanza en su misi\u00f3n de mejorar las condiciones de sus puntos de atenci\u00f3n y garantizar servicios de salud accesibles y de calidad para la comunidad.<\/p>\n\n\n\n<figure class=\"wp-block-image size-large\"><img loading=\"lazy\" decoding=\"async\" width=\"1024\" height=\"768\" src=\"https:\/\/www.imsalud.gov.co\/web\/wp-content\/uploads\/2025\/03\/197e8698-3ece-4fd4-9264-565d2779e9e8-1024x768.webp\" alt=\"\" class=\"wp-image-106882\" srcset=\"https:\/\/www.imsalud.gov.co\/web\/wp-content\/uploads\/2025\/03\/197e8698-3ece-4fd4-9264-565d2779e9e8-1024x768.webp 1024w, https:\/\/www.imsalud.gov.co\/web\/wp-content\/uploads\/2025\/03\/197e8698-3ece-4fd4-9264-565d2779e9e8-300x225.webp 300w, https:\/\/www.imsalud.gov.co\/web\/wp-content\/uploads\/2025\/03\/197e8698-3ece-4fd4-9264-565d2779e9e8-768x576.webp 768w, https:\/\/www.imsalud.gov.co\/web\/wp-content\/uploads\/2025\/03\/197e8698-3ece-4fd4-9264-565d2779e9e8-1536x1153.webp 1536w, https:\/\/www.imsalud.gov.co\/web\/wp-content\/uploads\/2025\/03\/197e8698-3ece-4fd4-9264-565d2779e9e8-155x116.webp 155w, https:\/\/www.imsalud.gov.co\/web\/wp-content\/uploads\/2025\/03\/197e8698-3ece-4fd4-9264-565d2779e9e8.webp 1599w\" sizes=\"auto, (max-width: 1024px) 100vw, 1024px\" \/><\/figure>\n","protected":false},"excerpt":{"rendered":"<p>Un centro de salud moderno para el bienestar de los cucute\u00f1os San Jos\u00e9 de C\u00facuta, 2025\u2013 La ESE Imsalud reafirma su compromiso con la salud de la comunidad con la [&#8230;]\n","protected":false},"author":34,"featured_media":106838,"comment_status":"closed","ping_status":"closed","sticky":false,"template":"","format":"standard","meta":{"footnotes":""},"categories":[698,515,74],"tags":[],"class_list":["post-106833","post","type-post","status-publish","format-standard","has-post-thumbnail","hentry","category-mujeres","category-ninos","category-ultimas-noticias"],"_links":{"self":[{"href":"https:\/\/www.imsalud.gov.co\/web\/wp-json\/wp\/v2\/posts\/106833","targetHints":{"allow":["GET"]}}],"collection":[{"href":"https:\/\/www.imsalud.gov.co\/web\/wp-json\/wp\/v2\/posts"}],"about":[{"href":"https:\/\/www.imsalud.gov.co\/web\/wp-json\/wp\/v2\/types\/post"}],"author":[{"embeddable":true,"href":"https:\/\/www.imsalud.gov.co\/web\/wp-json\/wp\/v2\/users\/34"}],"replies":[{"embeddable":true,"href":"https:\/\/www.imsalud.gov.co\/web\/wp-json\/wp\/v2\/comments?post=106833"}],"version-history":[{"count":4,"href":"https:\/\/www.imsalud.gov.co\/web\/wp-json\/wp\/v2\/posts\/106833\/revisions"}],"predecessor-version":[{"id":106884,"href":"https:\/\/www.imsalud.gov.co\/web\/wp-json\/wp\/v2\/posts\/106833\/revisions\/106884"}],"wp:featuredmedia":[{"embeddable":true,"href":"https:\/\/www.imsalud.gov.co\/web\/wp-json\/wp\/v2\/media\/106838"}],"wp:attachment":[{"href":"https:\/\/www.imsalud.gov.co\/web\/wp-json\/wp\/v2\/media?parent=106833"}],"wp:term":[{"taxonomy":"category","embeddable":true,"href":"https:\/\/www.imsalud.gov.co\/web\/wp-json\/wp\/v2\/categories?post=106833"},{"taxonomy":"post_tag","embeddable":true,"href":"https:\/\/www.imsalud.gov.co\/web\/wp-json\/wp\/v2\/tags?post=106833"}],"curies":[{"name":"wp","href":"https:\/\/api.w.org\/{rel}","templated":true}]}}