{"id":101558,"date":"2025-02-24T12:03:00","date_gmt":"2025-02-24T17:03:00","guid":{"rendered":"https:\/\/www.imsalud.gov.co\/web\/?p=101558"},"modified":"2025-02-24T12:03:00","modified_gmt":"2025-02-24T17:03:00","slug":"gerente-de-imsalud-continua-saliendo-a-las-calles-para-verificar-de-primera-mano-la-calidad-de-la-atencion-en-las-ubas","status":"publish","type":"post","link":"https:\/\/www.imsalud.gov.co\/web\/sala-de-prensa\/ultimas-noticias\/gerente-de-imsalud-continua-saliendo-a-las-calles-para-verificar-de-primera-mano-la-calidad-de-la-atencion-en-las-ubas\/","title":{"rendered":"Gerente de Imsalud contin\u00faa saliendo a las calles para verificar de primera mano la calidad de la atenci\u00f3n en las UBAS"},"content":{"rendered":"<p>El pasado s\u00e1bado en horas de la noche, el gerente de la ESE Imsalud, el Dr. Javier Prieto Pe\u00f1a, en compa\u00f1\u00eda del Dr. Vahan Suren Aboudjian Santos, subgerente de salud (encargado), realizaron una visita a la Unidad B\u00e1sica de Atenci\u00f3n (UBA) Loma de Bol\u00edvar, con el objetivo de verificar la prestaci\u00f3n de servicios a la comunidad.<\/p>\n<p>Durante el recorrido, el Dr. Prieto inspeccion\u00f3 las instalaciones del servicio de urgencias, donde sostuvo un acercamiento con la comunidad presente tanto en la sala de espera como en el servicio de hospitalizaci\u00f3n, escuchando sus inquietudes y reafirmando el compromiso de la ESE Imsalud con la atenci\u00f3n humanizada. Asimismo, dialog\u00f3 con el personal de facturaci\u00f3n, recordando la importancia de realizar el agendamiento oportuno de consultas de Promoci\u00f3n y Mantenimiento de la Salud (P y M) para los usuarios que ingresan por urgencias.<\/p>\n<p>La visita tambi\u00e9n incluy\u00f3 un recorrido por todas las instalaciones de la UBA, con el fin de evaluar el estado de los espacios, el funcionamiento de los servicios y fortalecer las estrategias para garantizar una atenci\u00f3n eficiente y de calidad a la comunidad.<\/p>\n<p>Posteriormente, el Dr. Prieto y su equipo realizaron un recorrido corto por la UBA de Comuneros, donde tambi\u00e9n verificaron el estado de la prestaci\u00f3n del servicio y dialogaron con los usuarios y el personal de salud.<\/p>\n<p><img loading=\"lazy\" decoding=\"async\" class=\"alignnone size-full wp-image-101559\" src=\"https:\/\/www.imsalud.gov.co\/web\/wp-content\/uploads\/2025\/02\/62907e28-7305-4109-84df-8f5defa69346-scaled.jpeg\" alt=\"\" width=\"2560\" height=\"1920\" srcset=\"https:\/\/www.imsalud.gov.co\/web\/wp-content\/uploads\/2025\/02\/62907e28-7305-4109-84df-8f5defa69346-scaled.jpeg 2560w, https:\/\/www.imsalud.gov.co\/web\/wp-content\/uploads\/2025\/02\/62907e28-7305-4109-84df-8f5defa69346-768x576.jpeg 768w, https:\/\/www.imsalud.gov.co\/web\/wp-content\/uploads\/2025\/02\/62907e28-7305-4109-84df-8f5defa69346-1536x1152.jpeg 1536w, https:\/\/www.imsalud.gov.co\/web\/wp-content\/uploads\/2025\/02\/62907e28-7305-4109-84df-8f5defa69346-2048x1536.jpeg 2048w, https:\/\/www.imsalud.gov.co\/web\/wp-content\/uploads\/2025\/02\/62907e28-7305-4109-84df-8f5defa69346-155x116.jpeg 155w\" sizes=\"auto, (max-width: 2560px) 100vw, 2560px\" \/><\/p>\n<p>&nbsp;<\/p>\n<p>Al concluir el recorrido, el Dr. Prieto inform\u00f3 que: \u201cContinuaremos realizando visitas sorpresivas para verificar que se mantenga un alto est\u00e1ndar de atenci\u00f3n, asegurando as\u00ed la calidad en nuestros servicios a la comunidad.\u201d<\/p>\n","protected":false},"excerpt":{"rendered":"<p>El pasado s\u00e1bado en horas de la noche, el gerente de la ESE Imsalud, el Dr. Javier Prieto Pe\u00f1a, en compa\u00f1\u00eda del Dr. Vahan Suren Aboudjian Santos, subgerente de salud [&#8230;]\n","protected":false},"author":34,"featured_media":101560,"comment_status":"closed","ping_status":"closed","sticky":false,"template":"","format":"standard","meta":{"footnotes":""},"categories":[698,515,74],"tags":[],"class_list":["post-101558","post","type-post","status-publish","format-standard","has-post-thumbnail","hentry","category-mujeres","category-ninos","category-ultimas-noticias"],"_links":{"self":[{"href":"https:\/\/www.imsalud.gov.co\/web\/wp-json\/wp\/v2\/posts\/101558","targetHints":{"allow":["GET"]}}],"collection":[{"href":"https:\/\/www.imsalud.gov.co\/web\/wp-json\/wp\/v2\/posts"}],"about":[{"href":"https:\/\/www.imsalud.gov.co\/web\/wp-json\/wp\/v2\/types\/post"}],"author":[{"embeddable":true,"href":"https:\/\/www.imsalud.gov.co\/web\/wp-json\/wp\/v2\/users\/34"}],"replies":[{"embeddable":true,"href":"https:\/\/www.imsalud.gov.co\/web\/wp-json\/wp\/v2\/comments?post=101558"}],"version-history":[{"count":2,"href":"https:\/\/www.imsalud.gov.co\/web\/wp-json\/wp\/v2\/posts\/101558\/revisions"}],"predecessor-version":[{"id":101562,"href":"https:\/\/www.imsalud.gov.co\/web\/wp-json\/wp\/v2\/posts\/101558\/revisions\/101562"}],"wp:featuredmedia":[{"embeddable":true,"href":"https:\/\/www.imsalud.gov.co\/web\/wp-json\/wp\/v2\/media\/101560"}],"wp:attachment":[{"href":"https:\/\/www.imsalud.gov.co\/web\/wp-json\/wp\/v2\/media?parent=101558"}],"wp:term":[{"taxonomy":"category","embeddable":true,"href":"https:\/\/www.imsalud.gov.co\/web\/wp-json\/wp\/v2\/categories?post=101558"},{"taxonomy":"post_tag","embeddable":true,"href":"https:\/\/www.imsalud.gov.co\/web\/wp-json\/wp\/v2\/tags?post=101558"}],"curies":[{"name":"wp","href":"https:\/\/api.w.org\/{rel}","templated":true}]}}