{"id":101554,"date":"2025-02-24T08:52:42","date_gmt":"2025-02-24T13:52:42","guid":{"rendered":"https:\/\/www.imsalud.gov.co\/web\/?p=101554"},"modified":"2025-02-24T08:52:42","modified_gmt":"2025-02-24T13:52:42","slug":"capacitacion-en-diligenciamiento-de-historias-clinicas-en-la-ese-imsalud","status":"publish","type":"post","link":"https:\/\/www.imsalud.gov.co\/web\/sala-de-prensa\/ultimas-noticias\/capacitacion-en-diligenciamiento-de-historias-clinicas-en-la-ese-imsalud\/","title":{"rendered":"Capacitaci\u00f3n en diligenciamiento de historias cl\u00ednicas en la ESE Imsalud"},"content":{"rendered":"<p>Con el objetivo de fortalecer el correcto registro y facturaci\u00f3n de los servicios de salud, el equipo m\u00e9dico y odontol\u00f3gico de la ESE Imsalud particip\u00f3 en una capacitaci\u00f3n sobre el diligenciamiento de la historia cl\u00ednica.<\/p>\n<p>Durante la jornada, se abordaron temas clave como la diferencia entre las historias cl\u00ednicas de morbilidad y las de promoci\u00f3n y mantenimiento de la salud, el registro adecuado de los c\u00f3digos diagn\u00f3sticos y su correlaci\u00f3n con los tratamientos pactados con cada EAPB. Este proceso es fundamental para reducir glosas, garantizar una correcta facturaci\u00f3n y asegurar que los procedimientos queden debidamente registrados en los informes enviados a los entes de control.<\/p>\n<p>El equipo de odontolog\u00eda recibi\u00f3 orientaci\u00f3n por parte de Carolina Solano y Michel Zapata en el auditorio de la UBA de Comuneros, mientras que Yury Mu\u00f1oz y Heidi Rol\u00f3n, junto a los referentes de las rutas de Promoci\u00f3n y Mantenimiento de la Salud (PyM), lideraron la capacitaci\u00f3n del personal m\u00e9dico en el auditorio de la UDES. A trav\u00e9s del an\u00e1lisis de casos cl\u00ednicos reales, los participantes aprendieron a diligenciar de manera precisa la historia cl\u00ednica, evitando errores o vac\u00edos en el registro.<\/p>\n<p>Es importa indicar que en el auditorio de la UBA de Comuneros, el doctor Fabi\u00e1n P\u00e9rez, asesor jur\u00eddico de gerencia, habl\u00f3 sobre la adherencia a gu\u00edas de pr\u00e1ctica cl\u00ednica y su relaci\u00f3n con la prevenci\u00f3n del da\u00f1o antijur\u00eddico.<\/p>\n<p>Este tipo de capacitaciones refuerzan el compromiso de la ESE Imsalud con la calidad y eficiencia en la atenci\u00f3n a los usuarios, asegurando que cada consulta se traduzca en un proceso administrativo y asistencial bien estructurado.<\/p>\n<p>&nbsp;<\/p>\n","protected":false},"excerpt":{"rendered":"<p>Con el objetivo de fortalecer el correcto registro y facturaci\u00f3n de los servicios de salud, el equipo m\u00e9dico y odontol\u00f3gico de la ESE Imsalud particip\u00f3 en una capacitaci\u00f3n sobre el [&#8230;]\n","protected":false},"author":34,"featured_media":101555,"comment_status":"closed","ping_status":"closed","sticky":false,"template":"","format":"standard","meta":{"footnotes":""},"categories":[698,515,74],"tags":[],"class_list":["post-101554","post","type-post","status-publish","format-standard","has-post-thumbnail","hentry","category-mujeres","category-ninos","category-ultimas-noticias"],"_links":{"self":[{"href":"https:\/\/www.imsalud.gov.co\/web\/wp-json\/wp\/v2\/posts\/101554","targetHints":{"allow":["GET"]}}],"collection":[{"href":"https:\/\/www.imsalud.gov.co\/web\/wp-json\/wp\/v2\/posts"}],"about":[{"href":"https:\/\/www.imsalud.gov.co\/web\/wp-json\/wp\/v2\/types\/post"}],"author":[{"embeddable":true,"href":"https:\/\/www.imsalud.gov.co\/web\/wp-json\/wp\/v2\/users\/34"}],"replies":[{"embeddable":true,"href":"https:\/\/www.imsalud.gov.co\/web\/wp-json\/wp\/v2\/comments?post=101554"}],"version-history":[{"count":1,"href":"https:\/\/www.imsalud.gov.co\/web\/wp-json\/wp\/v2\/posts\/101554\/revisions"}],"predecessor-version":[{"id":101557,"href":"https:\/\/www.imsalud.gov.co\/web\/wp-json\/wp\/v2\/posts\/101554\/revisions\/101557"}],"wp:featuredmedia":[{"embeddable":true,"href":"https:\/\/www.imsalud.gov.co\/web\/wp-json\/wp\/v2\/media\/101555"}],"wp:attachment":[{"href":"https:\/\/www.imsalud.gov.co\/web\/wp-json\/wp\/v2\/media?parent=101554"}],"wp:term":[{"taxonomy":"category","embeddable":true,"href":"https:\/\/www.imsalud.gov.co\/web\/wp-json\/wp\/v2\/categories?post=101554"},{"taxonomy":"post_tag","embeddable":true,"href":"https:\/\/www.imsalud.gov.co\/web\/wp-json\/wp\/v2\/tags?post=101554"}],"curies":[{"name":"wp","href":"https:\/\/api.w.org\/{rel}","templated":true}]}}