{"id":101549,"date":"2025-02-22T08:56:34","date_gmt":"2025-02-22T13:56:34","guid":{"rendered":"https:\/\/www.imsalud.gov.co\/web\/?p=101549"},"modified":"2025-02-22T08:56:34","modified_gmt":"2025-02-22T13:56:34","slug":"gerencia-de-la-ese-imsalud-refuerza-la-supervision-en-urgencias-con-la-visita-nocturna-al-policlinico-juan-atalaya","status":"publish","type":"post","link":"https:\/\/www.imsalud.gov.co\/web\/sala-de-prensa\/ultimas-noticias\/gerencia-de-la-ese-imsalud-refuerza-la-supervision-en-urgencias-con-la-visita-nocturna-al-policlinico-juan-atalaya\/","title":{"rendered":"Gerencia de la ESE Imsalud refuerza la supervisi\u00f3n en Urgencias con la visita nocturna al Policl\u00ednico Juan Atalaya"},"content":{"rendered":"<p>Con el objetivo de verificar de primera mano la calidad de la atenci\u00f3n en los Servicios de Urgencias, el gerente de la ESE Imsalud, el Dr. Javier Prieto, lider\u00f3 una nueva jornada de visitas nocturnas, acompa\u00f1ado del subgerente de salud encargado, el Dr. Vahan Suren Aboudjian Santos, el asesor de gerencia, el Dr. Fabi\u00e1n P\u00e9rez, y funcionarios responsables de garantizar el cumplimiento de la operatividad de cada \u00e1rea.<\/p>\n<p>El recorrido inici\u00f3 en la UBA de Comuneros y continu\u00f3 en el Policl\u00ednico Juan Atalaya, con el prop\u00f3sito de evaluar la atenci\u00f3n del personal de facturaci\u00f3n, enfermer\u00eda, m\u00e9dicos, farmacia y dem\u00e1s \u00e1reas involucradas en la atenci\u00f3n de los pacientes. Durante la visita, el Dr. Prieto escuch\u00f3 a los usuarios que se encontraban en la sala de espera y en hospitalizaci\u00f3n, atendiendo sus inquietudes y necesidades. Asimismo, tuvo un acercamiento con cada colaborador, record\u00e1ndoles la importancia de brindar una atenci\u00f3n humana y de calidad, pilar fundamental de su gesti\u00f3n.<\/p>\n<p>\u201cNuestra responsabilidad es con los usuarios, y por eso estamos aqu\u00ed, verificando personalmente que cada paciente reciba la atenci\u00f3n digna y de calidad que merece. Este es un compromiso que asumimos con seriedad, y seguiremos trabajando para fortalecer cada uno de nuestros servicios\u201d, expres\u00f3 el gerente de la ESE Imsalud.<\/p>\n<p><img loading=\"lazy\" decoding=\"async\" class=\"alignnone size-full wp-image-101552\" src=\"https:\/\/www.imsalud.gov.co\/web\/wp-content\/uploads\/2025\/02\/7854a8d9-4f3b-4933-99bb-4ad6bf299362-1.jpeg\" alt=\"\" width=\"1104\" height=\"886\" srcset=\"https:\/\/www.imsalud.gov.co\/web\/wp-content\/uploads\/2025\/02\/7854a8d9-4f3b-4933-99bb-4ad6bf299362-1.jpeg 1104w, https:\/\/www.imsalud.gov.co\/web\/wp-content\/uploads\/2025\/02\/7854a8d9-4f3b-4933-99bb-4ad6bf299362-1-768x616.jpeg 768w, https:\/\/www.imsalud.gov.co\/web\/wp-content\/uploads\/2025\/02\/7854a8d9-4f3b-4933-99bb-4ad6bf299362-1-145x116.jpeg 145w\" sizes=\"auto, (max-width: 1104px) 100vw, 1104px\" \/><\/p>\n","protected":false},"excerpt":{"rendered":"<p>Con el objetivo de verificar de primera mano la calidad de la atenci\u00f3n en los Servicios de Urgencias, el gerente de la ESE Imsalud, el Dr. Javier Prieto, lider\u00f3 una [&#8230;]\n","protected":false},"author":34,"featured_media":101551,"comment_status":"closed","ping_status":"closed","sticky":false,"template":"","format":"standard","meta":{"footnotes":""},"categories":[698,515,74],"tags":[],"class_list":["post-101549","post","type-post","status-publish","format-standard","has-post-thumbnail","hentry","category-mujeres","category-ninos","category-ultimas-noticias"],"_links":{"self":[{"href":"https:\/\/www.imsalud.gov.co\/web\/wp-json\/wp\/v2\/posts\/101549","targetHints":{"allow":["GET"]}}],"collection":[{"href":"https:\/\/www.imsalud.gov.co\/web\/wp-json\/wp\/v2\/posts"}],"about":[{"href":"https:\/\/www.imsalud.gov.co\/web\/wp-json\/wp\/v2\/types\/post"}],"author":[{"embeddable":true,"href":"https:\/\/www.imsalud.gov.co\/web\/wp-json\/wp\/v2\/users\/34"}],"replies":[{"embeddable":true,"href":"https:\/\/www.imsalud.gov.co\/web\/wp-json\/wp\/v2\/comments?post=101549"}],"version-history":[{"count":1,"href":"https:\/\/www.imsalud.gov.co\/web\/wp-json\/wp\/v2\/posts\/101549\/revisions"}],"predecessor-version":[{"id":101553,"href":"https:\/\/www.imsalud.gov.co\/web\/wp-json\/wp\/v2\/posts\/101549\/revisions\/101553"}],"wp:featuredmedia":[{"embeddable":true,"href":"https:\/\/www.imsalud.gov.co\/web\/wp-json\/wp\/v2\/media\/101551"}],"wp:attachment":[{"href":"https:\/\/www.imsalud.gov.co\/web\/wp-json\/wp\/v2\/media?parent=101549"}],"wp:term":[{"taxonomy":"category","embeddable":true,"href":"https:\/\/www.imsalud.gov.co\/web\/wp-json\/wp\/v2\/categories?post=101549"},{"taxonomy":"post_tag","embeddable":true,"href":"https:\/\/www.imsalud.gov.co\/web\/wp-json\/wp\/v2\/tags?post=101549"}],"curies":[{"name":"wp","href":"https:\/\/api.w.org\/{rel}","templated":true}]}}