{"id":101535,"date":"2025-02-20T17:14:54","date_gmt":"2025-02-20T22:14:54","guid":{"rendered":"https:\/\/www.imsalud.gov.co\/web\/?p=101535"},"modified":"2025-02-20T17:14:54","modified_gmt":"2025-02-20T22:14:54","slug":"ese-imsalud-y-asintraimsalud-firman-la-convencion-colectiva","status":"publish","type":"post","link":"https:\/\/www.imsalud.gov.co\/web\/sala-de-prensa\/ultimas-noticias\/ese-imsalud-y-asintraimsalud-firman-la-convencion-colectiva\/","title":{"rendered":"ESE Imsalud y ASINTRAIMSALUD firman la Convenci\u00f3n Colectiva"},"content":{"rendered":"<p>El d\u00eda de hoy, el gerente de la ESE Imsalud, el Dr. Javier Orlando Prieto Pe\u00f1a, recibi\u00f3 a los directivos del sindicato ASINTRAIMSALUD para la firma de la Convenci\u00f3n Colectiva, un acuerdo clave que fortalece las condiciones laborales de nuestros trabajadores oficiales.<\/p>\n<p>ASINTRAIMSALUD es el sindicato con mayor representaci\u00f3n en la entidad, donde se encuentran adscritos la mayor\u00eda de nuestros colaboradores del \u00e1rea de la salud y administrativa. Durante el encuentro, el Gerente enfatiz\u00f3 la importancia del sindicato como vocero del personal adscrito, resaltando el sentido de pertenencia y el compromiso que cada colaborador debe asumir para garantizar una prestaci\u00f3n de servicios de salud y administrativos con calidad y responsabilidad.<\/p>\n<p>Acompa\u00f1ado por la Dra. Andrea Porras, jefe de la Oficina de Administraci\u00f3n Laboral, este acuerdo reafirma el compromiso de la ESE Imsalud con su talento humano, asegurando un ambiente laboral que impulse el bienestar y la excelencia en la atenci\u00f3n a la comunidad.<\/p>\n<p><img loading=\"lazy\" decoding=\"async\" class=\"alignnone size-full wp-image-101534\" src=\"https:\/\/www.imsalud.gov.co\/web\/wp-content\/uploads\/2025\/02\/c54065e0-4369-4a12-bc99-95c417c2d45e-scaled.jpeg\" alt=\"\" width=\"2560\" height=\"1920\" srcset=\"https:\/\/www.imsalud.gov.co\/web\/wp-content\/uploads\/2025\/02\/c54065e0-4369-4a12-bc99-95c417c2d45e-scaled.jpeg 2560w, https:\/\/www.imsalud.gov.co\/web\/wp-content\/uploads\/2025\/02\/c54065e0-4369-4a12-bc99-95c417c2d45e-768x576.jpeg 768w, https:\/\/www.imsalud.gov.co\/web\/wp-content\/uploads\/2025\/02\/c54065e0-4369-4a12-bc99-95c417c2d45e-1536x1152.jpeg 1536w, https:\/\/www.imsalud.gov.co\/web\/wp-content\/uploads\/2025\/02\/c54065e0-4369-4a12-bc99-95c417c2d45e-2048x1536.jpeg 2048w, https:\/\/www.imsalud.gov.co\/web\/wp-content\/uploads\/2025\/02\/c54065e0-4369-4a12-bc99-95c417c2d45e-155x116.jpeg 155w\" sizes=\"auto, (max-width: 2560px) 100vw, 2560px\" \/><\/p>\n","protected":false},"excerpt":{"rendered":"<p>El d\u00eda de hoy, el gerente de la ESE Imsalud, el Dr. Javier Orlando Prieto Pe\u00f1a, recibi\u00f3 a los directivos del sindicato ASINTRAIMSALUD para la firma de la Convenci\u00f3n Colectiva, [&#8230;]\n","protected":false},"author":34,"featured_media":101537,"comment_status":"closed","ping_status":"closed","sticky":false,"template":"","format":"standard","meta":{"footnotes":""},"categories":[698,515,74],"tags":[],"class_list":["post-101535","post","type-post","status-publish","format-standard","has-post-thumbnail","hentry","category-mujeres","category-ninos","category-ultimas-noticias"],"_links":{"self":[{"href":"https:\/\/www.imsalud.gov.co\/web\/wp-json\/wp\/v2\/posts\/101535","targetHints":{"allow":["GET"]}}],"collection":[{"href":"https:\/\/www.imsalud.gov.co\/web\/wp-json\/wp\/v2\/posts"}],"about":[{"href":"https:\/\/www.imsalud.gov.co\/web\/wp-json\/wp\/v2\/types\/post"}],"author":[{"embeddable":true,"href":"https:\/\/www.imsalud.gov.co\/web\/wp-json\/wp\/v2\/users\/34"}],"replies":[{"embeddable":true,"href":"https:\/\/www.imsalud.gov.co\/web\/wp-json\/wp\/v2\/comments?post=101535"}],"version-history":[{"count":2,"href":"https:\/\/www.imsalud.gov.co\/web\/wp-json\/wp\/v2\/posts\/101535\/revisions"}],"predecessor-version":[{"id":101539,"href":"https:\/\/www.imsalud.gov.co\/web\/wp-json\/wp\/v2\/posts\/101535\/revisions\/101539"}],"wp:featuredmedia":[{"embeddable":true,"href":"https:\/\/www.imsalud.gov.co\/web\/wp-json\/wp\/v2\/media\/101537"}],"wp:attachment":[{"href":"https:\/\/www.imsalud.gov.co\/web\/wp-json\/wp\/v2\/media?parent=101535"}],"wp:term":[{"taxonomy":"category","embeddable":true,"href":"https:\/\/www.imsalud.gov.co\/web\/wp-json\/wp\/v2\/categories?post=101535"},{"taxonomy":"post_tag","embeddable":true,"href":"https:\/\/www.imsalud.gov.co\/web\/wp-json\/wp\/v2\/tags?post=101535"}],"curies":[{"name":"wp","href":"https:\/\/api.w.org\/{rel}","templated":true}]}}