{"id":101508,"date":"2025-02-18T16:05:42","date_gmt":"2025-02-18T21:05:42","guid":{"rendered":"https:\/\/www.imsalud.gov.co\/web\/?p=101508"},"modified":"2025-02-18T16:40:27","modified_gmt":"2025-02-18T21:40:27","slug":"imsalud-continua-con-las-visitas-sorpresivas-para-fortalecer-la-calidad-en-la-atencion-en-salud","status":"publish","type":"post","link":"https:\/\/www.imsalud.gov.co\/web\/sala-de-prensa\/ultimas-noticias\/imsalud-continua-con-las-visitas-sorpresivas-para-fortalecer-la-calidad-en-la-atencion-en-salud\/","title":{"rendered":"Imsalud contin\u00faa con las visitas sorpresivas para fortalecer la calidad en la atenci\u00f3n en salud"},"content":{"rendered":"<p>Con el compromiso de garantizar un servicio oportuno y humanizado, la ESE Imsalud realiz\u00f3 una nueva visita sorpresiva, esta vez a la Unidad B\u00e1sica de Atenci\u00f3n (UBA) Comuneros.<\/p>\n<p>La visita, realizada antes de las 7:00 a.m. y previo al cambio de turno, permiti\u00f3 evaluar el servicio en un horario clave para la atenci\u00f3n de los usuarios. La inspecci\u00f3n, liderada por el gerente, Dr. Javier Prieto Pe\u00f1a, cont\u00f3 con el acompa\u00f1amiento de la subgerente de servicios de salud, Dra. Soriana Tejeda; la asesora de planeaci\u00f3n, Clara Cuadros, y un equipo interdisciplinario de la entidad, quienes revisaron cada servicio para evaluar su correcto funcionamiento.<\/p>\n<p>Esta visita se llev\u00f3 a cabo en respuesta a las inquietudes manifestadas por algunos usuarios, con el objetivo de identificar oportunidades de mejora, tomar medidas correctivas y fortalecer la atenci\u00f3n brindada. Durante el recorrido, se conoci\u00f3 de primera mano la percepci\u00f3n de los usuarios y pacientes.<\/p>\n<p>Adem\u00e1s, se visit\u00f3 el \u00e1rea del Call Center, donde se escucharon las necesidades del equipo con el fin de mejorar la asignaci\u00f3n de citas y garantizar una atenci\u00f3n m\u00e1s eficiente a los usuarios. Como parte de esta estrategia de mejora continua, el Gerente y la Subgerente de Servicios de Salud reunieron al personal para reiterar la importancia de ofrecer un servicio humanizado y centrado en el paciente, recordando que cada usuario merece un trato digno, c\u00e1lido y eficiente.<\/p>\n<p>Estas inspecciones sin previo aviso seguir\u00e1n realiz\u00e1ndose en todas las IPS y UBAs de la red, reafirmando el compromiso de la ESE Imsalud con la excelencia en la prestaci\u00f3n de servicios de salud y con la implementaci\u00f3n de medidas correctivas que contribuyan a una mejor atenci\u00f3n para la comunidad.<\/p>\n<p><img loading=\"lazy\" decoding=\"async\" class=\"alignnone size-full wp-image-101510\" src=\"https:\/\/www.imsalud.gov.co\/web\/wp-content\/uploads\/2025\/02\/458bc717-13ef-40f3-a78c-2672e0b6d3a2.jpeg\" alt=\"\" width=\"2556\" height=\"1917\" srcset=\"https:\/\/www.imsalud.gov.co\/web\/wp-content\/uploads\/2025\/02\/458bc717-13ef-40f3-a78c-2672e0b6d3a2.jpeg 2556w, https:\/\/www.imsalud.gov.co\/web\/wp-content\/uploads\/2025\/02\/458bc717-13ef-40f3-a78c-2672e0b6d3a2-768x576.jpeg 768w, https:\/\/www.imsalud.gov.co\/web\/wp-content\/uploads\/2025\/02\/458bc717-13ef-40f3-a78c-2672e0b6d3a2-1536x1152.jpeg 1536w, https:\/\/www.imsalud.gov.co\/web\/wp-content\/uploads\/2025\/02\/458bc717-13ef-40f3-a78c-2672e0b6d3a2-2048x1536.jpeg 2048w, https:\/\/www.imsalud.gov.co\/web\/wp-content\/uploads\/2025\/02\/458bc717-13ef-40f3-a78c-2672e0b6d3a2-155x116.jpeg 155w\" sizes=\"auto, (max-width: 2556px) 100vw, 2556px\" \/><\/p>\n","protected":false},"excerpt":{"rendered":"<p>Con el compromiso de garantizar un servicio oportuno y humanizado, la ESE Imsalud realiz\u00f3 una nueva visita sorpresiva, esta vez a la Unidad B\u00e1sica de Atenci\u00f3n (UBA) Comuneros. La visita, [&#8230;]\n","protected":false},"author":34,"featured_media":101509,"comment_status":"closed","ping_status":"closed","sticky":false,"template":"","format":"standard","meta":{"footnotes":""},"categories":[698,515,74],"tags":[],"class_list":["post-101508","post","type-post","status-publish","format-standard","has-post-thumbnail","hentry","category-mujeres","category-ninos","category-ultimas-noticias"],"_links":{"self":[{"href":"https:\/\/www.imsalud.gov.co\/web\/wp-json\/wp\/v2\/posts\/101508","targetHints":{"allow":["GET"]}}],"collection":[{"href":"https:\/\/www.imsalud.gov.co\/web\/wp-json\/wp\/v2\/posts"}],"about":[{"href":"https:\/\/www.imsalud.gov.co\/web\/wp-json\/wp\/v2\/types\/post"}],"author":[{"embeddable":true,"href":"https:\/\/www.imsalud.gov.co\/web\/wp-json\/wp\/v2\/users\/34"}],"replies":[{"embeddable":true,"href":"https:\/\/www.imsalud.gov.co\/web\/wp-json\/wp\/v2\/comments?post=101508"}],"version-history":[{"count":3,"href":"https:\/\/www.imsalud.gov.co\/web\/wp-json\/wp\/v2\/posts\/101508\/revisions"}],"predecessor-version":[{"id":101513,"href":"https:\/\/www.imsalud.gov.co\/web\/wp-json\/wp\/v2\/posts\/101508\/revisions\/101513"}],"wp:featuredmedia":[{"embeddable":true,"href":"https:\/\/www.imsalud.gov.co\/web\/wp-json\/wp\/v2\/media\/101509"}],"wp:attachment":[{"href":"https:\/\/www.imsalud.gov.co\/web\/wp-json\/wp\/v2\/media?parent=101508"}],"wp:term":[{"taxonomy":"category","embeddable":true,"href":"https:\/\/www.imsalud.gov.co\/web\/wp-json\/wp\/v2\/categories?post=101508"},{"taxonomy":"post_tag","embeddable":true,"href":"https:\/\/www.imsalud.gov.co\/web\/wp-json\/wp\/v2\/tags?post=101508"}],"curies":[{"name":"wp","href":"https:\/\/api.w.org\/{rel}","templated":true}]}}