{"id":101498,"date":"2025-02-17T14:45:37","date_gmt":"2025-02-17T19:45:37","guid":{"rendered":"https:\/\/www.imsalud.gov.co\/web\/?p=101498"},"modified":"2025-02-17T14:45:37","modified_gmt":"2025-02-17T19:45:37","slug":"imsalud-fortalece-el-dialogo-con-la-comunidad-en-la-comuna-10-de-cucuta","status":"publish","type":"post","link":"https:\/\/www.imsalud.gov.co\/web\/sala-de-prensa\/ultimas-noticias\/imsalud-fortalece-el-dialogo-con-la-comunidad-en-la-comuna-10-de-cucuta\/","title":{"rendered":"Imsalud fortalece el di\u00e1logo con la comunidad en la Comuna 10 de C\u00facuta"},"content":{"rendered":"<p>&nbsp;<\/p>\n<p>Con el objetivo de mantener un acercamiento constante con la comunidad y atender sus inquietudes, la ESE Imsalud particip\u00f3 en la sesi\u00f3n ordinaria de la Junta Administradora Local (JAL) de la Comuna 10 del municipio de San Jos\u00e9 de C\u00facuta.<\/p>\n<p>En representaci\u00f3n de la entidad, asistieron la coordinadora de la Unidad B\u00e1sica Puente Barco Leones, Sandra Johanna V\u00e9lez, y el asesor de gerencia, el abogado Fabi\u00e1n P\u00e9rez, quienes atendieron las inquietudes de los l\u00edderes comunales y establecieron un di\u00e1logo directo con los miembros de la Junta Administradora Local (JAL). Durante la sesi\u00f3n, se resalt\u00f3 la importancia de estos espacios para fortalecer la comunicaci\u00f3n entre la comunidad y la empresa, as\u00ed como para conocer de primera mano las necesidades en salud de la poblaci\u00f3n.<\/p>\n<p>Los representantes de la JAL manifestaron que este acercamiento es in\u00e9dito en la comuna y valoraron el inter\u00e9s de la gerencia de la ESE Imsalud, liderada por el Dr. Javier Prieto Pe\u00f1a, en generar v\u00ednculos con las organizaciones comunitarias. Este tipo de reuniones permite a la entidad identificar oportunidades de mejora en la prestaci\u00f3n del servicio y reforzar su compromiso con el bienestar de los habitantes de la zona.<\/p>\n<p>La ESE Imsalud continuar\u00e1 promoviendo espacios de participaci\u00f3n y di\u00e1logo con las comunidades, reafirmando su compromiso con una atenci\u00f3n en salud cercana, incluyente y de calidad para todos.<\/p>\n<p><img loading=\"lazy\" decoding=\"async\" class=\"alignnone size-full wp-image-101500\" src=\"https:\/\/www.imsalud.gov.co\/web\/wp-content\/uploads\/2025\/02\/7cd40ec6-f5ef-4011-a0d2-abcfbc602aae.jpeg\" alt=\"\" width=\"1547\" height=\"1161\" srcset=\"https:\/\/www.imsalud.gov.co\/web\/wp-content\/uploads\/2025\/02\/7cd40ec6-f5ef-4011-a0d2-abcfbc602aae.jpeg 1547w, https:\/\/www.imsalud.gov.co\/web\/wp-content\/uploads\/2025\/02\/7cd40ec6-f5ef-4011-a0d2-abcfbc602aae-768x576.jpeg 768w, https:\/\/www.imsalud.gov.co\/web\/wp-content\/uploads\/2025\/02\/7cd40ec6-f5ef-4011-a0d2-abcfbc602aae-1536x1153.jpeg 1536w, https:\/\/www.imsalud.gov.co\/web\/wp-content\/uploads\/2025\/02\/7cd40ec6-f5ef-4011-a0d2-abcfbc602aae-155x116.jpeg 155w\" sizes=\"auto, (max-width: 1547px) 100vw, 1547px\" \/><\/p>\n","protected":false},"excerpt":{"rendered":"<p>&nbsp; Con el objetivo de mantener un acercamiento constante con la comunidad y atender sus inquietudes, la ESE Imsalud particip\u00f3 en la sesi\u00f3n ordinaria de la Junta Administradora Local (JAL) [&#8230;]\n","protected":false},"author":34,"featured_media":101499,"comment_status":"closed","ping_status":"closed","sticky":false,"template":"","format":"standard","meta":{"footnotes":""},"categories":[698,515,74],"tags":[],"class_list":["post-101498","post","type-post","status-publish","format-standard","has-post-thumbnail","hentry","category-mujeres","category-ninos","category-ultimas-noticias"],"_links":{"self":[{"href":"https:\/\/www.imsalud.gov.co\/web\/wp-json\/wp\/v2\/posts\/101498","targetHints":{"allow":["GET"]}}],"collection":[{"href":"https:\/\/www.imsalud.gov.co\/web\/wp-json\/wp\/v2\/posts"}],"about":[{"href":"https:\/\/www.imsalud.gov.co\/web\/wp-json\/wp\/v2\/types\/post"}],"author":[{"embeddable":true,"href":"https:\/\/www.imsalud.gov.co\/web\/wp-json\/wp\/v2\/users\/34"}],"replies":[{"embeddable":true,"href":"https:\/\/www.imsalud.gov.co\/web\/wp-json\/wp\/v2\/comments?post=101498"}],"version-history":[{"count":1,"href":"https:\/\/www.imsalud.gov.co\/web\/wp-json\/wp\/v2\/posts\/101498\/revisions"}],"predecessor-version":[{"id":101501,"href":"https:\/\/www.imsalud.gov.co\/web\/wp-json\/wp\/v2\/posts\/101498\/revisions\/101501"}],"wp:featuredmedia":[{"embeddable":true,"href":"https:\/\/www.imsalud.gov.co\/web\/wp-json\/wp\/v2\/media\/101499"}],"wp:attachment":[{"href":"https:\/\/www.imsalud.gov.co\/web\/wp-json\/wp\/v2\/media?parent=101498"}],"wp:term":[{"taxonomy":"category","embeddable":true,"href":"https:\/\/www.imsalud.gov.co\/web\/wp-json\/wp\/v2\/categories?post=101498"},{"taxonomy":"post_tag","embeddable":true,"href":"https:\/\/www.imsalud.gov.co\/web\/wp-json\/wp\/v2\/tags?post=101498"}],"curies":[{"name":"wp","href":"https:\/\/api.w.org\/{rel}","templated":true}]}}