{"id":101478,"date":"2025-02-13T18:44:58","date_gmt":"2025-02-13T23:44:58","guid":{"rendered":"https:\/\/www.imsalud.gov.co\/web\/?p=101478"},"modified":"2025-02-13T18:44:58","modified_gmt":"2025-02-13T23:44:58","slug":"a-buen-ritmo-avanza-el-proceso-para-la-construccion-del-hospital-de-segundo-nivel-policlinico-de-juan-atalaya","status":"publish","type":"post","link":"https:\/\/www.imsalud.gov.co\/web\/sala-de-prensa\/ultimas-noticias\/a-buen-ritmo-avanza-el-proceso-para-la-construccion-del-hospital-de-segundo-nivel-policlinico-de-juan-atalaya\/","title":{"rendered":"A buen ritmo avanza el proceso para la construcci\u00f3n del Hospital de Segundo Nivel Policl\u00ednico de Juan Atalaya"},"content":{"rendered":"<p>En un paso clave para el fortalecimiento del sector salud en C\u00facuta, este Jueves se llev\u00f3 a cabo una reuni\u00f3n en la sala de juntas de la Empresa Social del Estado (ESE) Imsalud, en la que participaron el gerente de la entidad, Javier Orlando Prieto Pe\u00f1a, el consultor encargado de la planimetr\u00eda, la secretaria de Salud Municipal, Dra. Taiz del Pilar Ortega Torres, representantes del Instituto Departamental de Salud (IDS), personal de la Oficina de Planeaci\u00f3n de la ESE Imsalud y delegados de la Financiera de Desarrollo Territorial (Findeter).<\/p>\n<p>Este encuentro, resultado del trabajo articulado entre la gerencia de Imsalud y la Secretar\u00eda de Salud Municipal, tuvo como prop\u00f3sito principal la presentaci\u00f3n de los planos para la construcci\u00f3n del moderno hospital de segundo nivel, una obra fundamental para mejorar la infraestructura hospitalaria y garantizar una atenci\u00f3n de calidad a la comunidad. Durante la reuni\u00f3n, el consultor present\u00f3 la planimetr\u00eda y recibi\u00f3 observaciones clave, con el compromiso de radicar la versi\u00f3n ajustada en el Ministerio de Salud en un plazo m\u00e1ximo de dos semanas, permitiendo as\u00ed agilizar el proceso para definir la fecha de inicio de la obra.<\/p>\n<p>Este proyecto, que contar\u00e1 con todas las autorizaciones y permisos de dise\u00f1o necesarios, tendr\u00e1 en cuenta el entorno en el que se desarrollar\u00e1, incluyendo instituciones educativas, hogares del adulto mayor y otros espacios comunitarios.<\/p>\n<p>La edificaci\u00f3n, que tendr\u00e1 12 pisos, incluir\u00e1 \u00e1reas esenciales para la prestaci\u00f3n de servicios m\u00e9dicos, como sala de atenci\u00f3n de partos, urgencias, hospitalizaci\u00f3n, consulta externa, zona de esterilizaci\u00f3n, quir\u00f3fanos, sala de recuperaci\u00f3n y un \u00e1rea administrativa, entre otros.<\/p>\n<p>Gracias a la gesti\u00f3n conjunta entre la gerencia de la ESE Imsalud y la Secretar\u00eda de Salud Municipal, este proyecto avanza con solidez, reafirmando el compromiso de fortalecer la red hospitalaria del municipio y cumplir con el componente 6: C\u00facuta Garantiza Salud Digna y Humanizada para Todos; establecido en el Plan de Desarrollo Municipal 2024-2027 \u201cC\u00facuta, Perseverante, Segura y Productiva\u201d de la Alcald\u00eda de<br \/>\nSan Jos\u00e9 de C\u00facuta.<\/p>\n<p>Findeter, como aliado estrat\u00e9gico del Gobierno Nacional y los territorios, aportar\u00e1 su experiencia en la planificaci\u00f3n, estructuraci\u00f3n y financiamiento del hospital, garantizando una ejecuci\u00f3n eficiente y efectiva del proyecto. Su acompa\u00f1amiento permitir\u00e1 optimizar los recursos y generar mecanismos de transferencia de capacidades a la ciudad, en beneficio de toda la poblaci\u00f3n.<\/p>\n<p>Con esta iniciativa, C\u00facuta avanza en la consolidaci\u00f3n de un sistema de salud m\u00e1s moderno y accesible, respondiendo a las necesidades de la comunidad y mejorando la calidad de vida de sus habitantes.<br \/>\n<img loading=\"lazy\" decoding=\"async\" class=\"alignnone size-full wp-image-101479\" src=\"https:\/\/www.imsalud.gov.co\/web\/wp-content\/uploads\/2025\/02\/d5900299-c1a7-45e4-acf5-4d0ad7d0f15e-scaled.jpeg\" alt=\"\" width=\"2560\" height=\"1920\" srcset=\"https:\/\/www.imsalud.gov.co\/web\/wp-content\/uploads\/2025\/02\/d5900299-c1a7-45e4-acf5-4d0ad7d0f15e-scaled.jpeg 2560w, https:\/\/www.imsalud.gov.co\/web\/wp-content\/uploads\/2025\/02\/d5900299-c1a7-45e4-acf5-4d0ad7d0f15e-768x576.jpeg 768w, https:\/\/www.imsalud.gov.co\/web\/wp-content\/uploads\/2025\/02\/d5900299-c1a7-45e4-acf5-4d0ad7d0f15e-1536x1152.jpeg 1536w, https:\/\/www.imsalud.gov.co\/web\/wp-content\/uploads\/2025\/02\/d5900299-c1a7-45e4-acf5-4d0ad7d0f15e-2048x1536.jpeg 2048w, https:\/\/www.imsalud.gov.co\/web\/wp-content\/uploads\/2025\/02\/d5900299-c1a7-45e4-acf5-4d0ad7d0f15e-155x116.jpeg 155w\" sizes=\"auto, (max-width: 2560px) 100vw, 2560px\" \/><\/p>\n","protected":false},"excerpt":{"rendered":"<p>En un paso clave para el fortalecimiento del sector salud en C\u00facuta, este Jueves se llev\u00f3 a cabo una reuni\u00f3n en la sala de juntas de la Empresa Social del [&#8230;]\n","protected":false},"author":34,"featured_media":101480,"comment_status":"closed","ping_status":"closed","sticky":false,"template":"","format":"standard","meta":{"footnotes":""},"categories":[698,515,74],"tags":[],"class_list":["post-101478","post","type-post","status-publish","format-standard","has-post-thumbnail","hentry","category-mujeres","category-ninos","category-ultimas-noticias"],"_links":{"self":[{"href":"https:\/\/www.imsalud.gov.co\/web\/wp-json\/wp\/v2\/posts\/101478","targetHints":{"allow":["GET"]}}],"collection":[{"href":"https:\/\/www.imsalud.gov.co\/web\/wp-json\/wp\/v2\/posts"}],"about":[{"href":"https:\/\/www.imsalud.gov.co\/web\/wp-json\/wp\/v2\/types\/post"}],"author":[{"embeddable":true,"href":"https:\/\/www.imsalud.gov.co\/web\/wp-json\/wp\/v2\/users\/34"}],"replies":[{"embeddable":true,"href":"https:\/\/www.imsalud.gov.co\/web\/wp-json\/wp\/v2\/comments?post=101478"}],"version-history":[{"count":1,"href":"https:\/\/www.imsalud.gov.co\/web\/wp-json\/wp\/v2\/posts\/101478\/revisions"}],"predecessor-version":[{"id":101481,"href":"https:\/\/www.imsalud.gov.co\/web\/wp-json\/wp\/v2\/posts\/101478\/revisions\/101481"}],"wp:featuredmedia":[{"embeddable":true,"href":"https:\/\/www.imsalud.gov.co\/web\/wp-json\/wp\/v2\/media\/101480"}],"wp:attachment":[{"href":"https:\/\/www.imsalud.gov.co\/web\/wp-json\/wp\/v2\/media?parent=101478"}],"wp:term":[{"taxonomy":"category","embeddable":true,"href":"https:\/\/www.imsalud.gov.co\/web\/wp-json\/wp\/v2\/categories?post=101478"},{"taxonomy":"post_tag","embeddable":true,"href":"https:\/\/www.imsalud.gov.co\/web\/wp-json\/wp\/v2\/tags?post=101478"}],"curies":[{"name":"wp","href":"https:\/\/api.w.org\/{rel}","templated":true}]}}