{"id":101407,"date":"2025-02-07T18:34:52","date_gmt":"2025-02-07T23:34:52","guid":{"rendered":"https:\/\/www.imsalud.gov.co\/web\/?p=101407"},"modified":"2025-02-07T18:34:52","modified_gmt":"2025-02-07T23:34:52","slug":"nuevos-medicos-se-unen-a-la-ese-imsalud-para-reforzar-la-atencion-en-la-zona-rural-y-urbana","status":"publish","type":"post","link":"https:\/\/www.imsalud.gov.co\/web\/sala-de-prensa\/ultimas-noticias\/nuevos-medicos-se-unen-a-la-ese-imsalud-para-reforzar-la-atencion-en-la-zona-rural-y-urbana\/","title":{"rendered":"Nuevos m\u00e9dicos se unen a la ESE Imsalud para reforzar la atenci\u00f3n en la zona rural y urbana"},"content":{"rendered":"<p>El Dr. Javier Prieto Pe\u00f1a, gerente de la ESE Imsalud, llev\u00f3 a cabo el acto de posesi\u00f3n de los m\u00e9dicos generales Daniel Anaya C\u00e1ceres, quien inicia su Servicio Social Obligatorio (SSO) en nuestra Unidad B\u00e1sica de Agua Clara, con desplazamiento a la IPS Palmarito, y Giovanni Ram\u00edrez Jaimes, quien ingresa a la entidad en provisionalidad.<\/p>\n<p>Durante la ceremonia, que cont\u00f3 con la presencia de la Dra. Andrea Porras, Jefe de la Oficina de Administraci\u00f3n Laboral, el Dr. Prieto Pe\u00f1a enfatiz\u00f3 la importancia del compromiso con la comunidad y les record\u00f3 a los nuevos profesionales la responsabilidad de honrar su juramento hipocr\u00e1tico, brindando una atenci\u00f3n humanizada, \u00e9tica y de calidad a cada paciente.<\/p>\n<p>Desde la ESE Imsalud, les damos la bienvenida y les deseamos \u00e9xito en esta nueva etapa de su ejercicio profesional.<\/p>\n<p>\u00a1Su labor es fundamental para fortalecer la salud en nuestro territorio!<\/p>\n","protected":false},"excerpt":{"rendered":"<p>El Dr. Javier Prieto Pe\u00f1a, gerente de la ESE Imsalud, llev\u00f3 a cabo el acto de posesi\u00f3n de los m\u00e9dicos generales Daniel Anaya C\u00e1ceres, quien inicia su Servicio Social Obligatorio [&#8230;]\n","protected":false},"author":34,"featured_media":101410,"comment_status":"closed","ping_status":"closed","sticky":false,"template":"","format":"standard","meta":{"footnotes":""},"categories":[698,515,74],"tags":[],"class_list":["post-101407","post","type-post","status-publish","format-standard","has-post-thumbnail","hentry","category-mujeres","category-ninos","category-ultimas-noticias"],"_links":{"self":[{"href":"https:\/\/www.imsalud.gov.co\/web\/wp-json\/wp\/v2\/posts\/101407","targetHints":{"allow":["GET"]}}],"collection":[{"href":"https:\/\/www.imsalud.gov.co\/web\/wp-json\/wp\/v2\/posts"}],"about":[{"href":"https:\/\/www.imsalud.gov.co\/web\/wp-json\/wp\/v2\/types\/post"}],"author":[{"embeddable":true,"href":"https:\/\/www.imsalud.gov.co\/web\/wp-json\/wp\/v2\/users\/34"}],"replies":[{"embeddable":true,"href":"https:\/\/www.imsalud.gov.co\/web\/wp-json\/wp\/v2\/comments?post=101407"}],"version-history":[{"count":1,"href":"https:\/\/www.imsalud.gov.co\/web\/wp-json\/wp\/v2\/posts\/101407\/revisions"}],"predecessor-version":[{"id":101412,"href":"https:\/\/www.imsalud.gov.co\/web\/wp-json\/wp\/v2\/posts\/101407\/revisions\/101412"}],"wp:featuredmedia":[{"embeddable":true,"href":"https:\/\/www.imsalud.gov.co\/web\/wp-json\/wp\/v2\/media\/101410"}],"wp:attachment":[{"href":"https:\/\/www.imsalud.gov.co\/web\/wp-json\/wp\/v2\/media?parent=101407"}],"wp:term":[{"taxonomy":"category","embeddable":true,"href":"https:\/\/www.imsalud.gov.co\/web\/wp-json\/wp\/v2\/categories?post=101407"},{"taxonomy":"post_tag","embeddable":true,"href":"https:\/\/www.imsalud.gov.co\/web\/wp-json\/wp\/v2\/tags?post=101407"}],"curies":[{"name":"wp","href":"https:\/\/api.w.org\/{rel}","templated":true}]}}