{"id":101356,"date":"2025-02-05T12:12:07","date_gmt":"2025-02-05T17:12:07","guid":{"rendered":"https:\/\/www.imsalud.gov.co\/web\/?p=101356"},"modified":"2025-02-05T12:12:07","modified_gmt":"2025-02-05T17:12:07","slug":"ese-imsalud-y-project-hope-fortalecen-su-compromiso-con-la-atencion-a-poblacion-migrante-y-de-acogida","status":"publish","type":"post","link":"https:\/\/www.imsalud.gov.co\/web\/sala-de-prensa\/ultimas-noticias\/ese-imsalud-y-project-hope-fortalecen-su-compromiso-con-la-atencion-a-poblacion-migrante-y-de-acogida\/","title":{"rendered":"ESE Imsalud y Project HOPE fortalecen su compromiso con la atenci\u00f3n a poblaci\u00f3n migrante y de acogida"},"content":{"rendered":"<p>En un encuentro institucional, la ESE Imsalud present\u00f3 a Project HOPE el balance de gesti\u00f3n y avances alcanzados en el marco del convenio vigencia 2024, un acuerdo que refleja el esfuerzo conjunto entre nuestra entidad y el cooperante internacional para garantizar atenci\u00f3n integral a la poblaci\u00f3n migrante y de acogida en el municipio de San Jos\u00e9 de C\u00facuta.<\/p>\n<p>El evento cont\u00f3 con la presencia del Gerente de la ESE Imsalud, Dr. Javier Prieto Pe\u00f1a, subgerentes, directivos y representantes de Project HOPE, quienes destacaron el alto grado de cumplimiento de los objetivos e indicadores propuestos. Como resultado de este trabajo articulado, se oficializ\u00f3 la renovaci\u00f3n del convenio para la vigencia 2025, reafirmando el compromiso de ambas instituciones con la atenci\u00f3n humanizada y de calidad.<\/p>\n<p>Gracias a esta alianza, se han fortalecido estrategias enfocadas en la atenci\u00f3n integral a grupos poblacionales en situaci\u00f3n de vulnerabilidad, con especial \u00e9nfasis en mujeres gestantes. Esto ha permitido garantizar controles prenatales, atenci\u00f3n en el parto y seguimiento en el postparto, priorizando la promoci\u00f3n de la salud y la prevenci\u00f3n de enfermedades.<\/p>\n<p>En este marco de cooperaci\u00f3n, ratificamos nuestro compromiso de seguir trabajando en equipo en proyectos futuros que fortalezcan la atenci\u00f3n en salud y el bienestar de nuestra comunidad, consolidando alianzas estrat\u00e9gicas que generen impacto positivo. As\u00ed lo manifest\u00f3 el Dr. Prieto, gerente.<\/p>\n<p>Con este convenio, la ESE Imsalud y Project HOPE reafirman su compromiso de seguir brindando una atenci\u00f3n digna, accesible y de calidad a quienes m\u00e1s lo necesitan.<\/p>\n<p>\u00a1Juntos, seguimos transformando vidas!<\/p>\n<p><img loading=\"lazy\" decoding=\"async\" class=\"alignnone size-full wp-image-101358\" src=\"https:\/\/www.imsalud.gov.co\/web\/wp-content\/uploads\/2025\/02\/WhatsApp-Image-2025-02-05-at-11.31.58-AM-scaled.jpeg\" alt=\"\" width=\"2560\" height=\"1920\" srcset=\"https:\/\/www.imsalud.gov.co\/web\/wp-content\/uploads\/2025\/02\/WhatsApp-Image-2025-02-05-at-11.31.58-AM-scaled.jpeg 2560w, https:\/\/www.imsalud.gov.co\/web\/wp-content\/uploads\/2025\/02\/WhatsApp-Image-2025-02-05-at-11.31.58-AM-768x576.jpeg 768w, https:\/\/www.imsalud.gov.co\/web\/wp-content\/uploads\/2025\/02\/WhatsApp-Image-2025-02-05-at-11.31.58-AM-1536x1152.jpeg 1536w, https:\/\/www.imsalud.gov.co\/web\/wp-content\/uploads\/2025\/02\/WhatsApp-Image-2025-02-05-at-11.31.58-AM-2048x1536.jpeg 2048w, https:\/\/www.imsalud.gov.co\/web\/wp-content\/uploads\/2025\/02\/WhatsApp-Image-2025-02-05-at-11.31.58-AM-155x116.jpeg 155w\" sizes=\"auto, (max-width: 2560px) 100vw, 2560px\" \/><\/p>\n","protected":false},"excerpt":{"rendered":"<p>En un encuentro institucional, la ESE Imsalud present\u00f3 a Project HOPE el balance de gesti\u00f3n y avances alcanzados en el marco del convenio vigencia 2024, un acuerdo que refleja el [&#8230;]\n","protected":false},"author":34,"featured_media":101357,"comment_status":"closed","ping_status":"closed","sticky":false,"template":"","format":"standard","meta":{"footnotes":""},"categories":[698,515,74],"tags":[],"class_list":["post-101356","post","type-post","status-publish","format-standard","has-post-thumbnail","hentry","category-mujeres","category-ninos","category-ultimas-noticias"],"_links":{"self":[{"href":"https:\/\/www.imsalud.gov.co\/web\/wp-json\/wp\/v2\/posts\/101356","targetHints":{"allow":["GET"]}}],"collection":[{"href":"https:\/\/www.imsalud.gov.co\/web\/wp-json\/wp\/v2\/posts"}],"about":[{"href":"https:\/\/www.imsalud.gov.co\/web\/wp-json\/wp\/v2\/types\/post"}],"author":[{"embeddable":true,"href":"https:\/\/www.imsalud.gov.co\/web\/wp-json\/wp\/v2\/users\/34"}],"replies":[{"embeddable":true,"href":"https:\/\/www.imsalud.gov.co\/web\/wp-json\/wp\/v2\/comments?post=101356"}],"version-history":[{"count":1,"href":"https:\/\/www.imsalud.gov.co\/web\/wp-json\/wp\/v2\/posts\/101356\/revisions"}],"predecessor-version":[{"id":101359,"href":"https:\/\/www.imsalud.gov.co\/web\/wp-json\/wp\/v2\/posts\/101356\/revisions\/101359"}],"wp:featuredmedia":[{"embeddable":true,"href":"https:\/\/www.imsalud.gov.co\/web\/wp-json\/wp\/v2\/media\/101357"}],"wp:attachment":[{"href":"https:\/\/www.imsalud.gov.co\/web\/wp-json\/wp\/v2\/media?parent=101356"}],"wp:term":[{"taxonomy":"category","embeddable":true,"href":"https:\/\/www.imsalud.gov.co\/web\/wp-json\/wp\/v2\/categories?post=101356"},{"taxonomy":"post_tag","embeddable":true,"href":"https:\/\/www.imsalud.gov.co\/web\/wp-json\/wp\/v2\/tags?post=101356"}],"curies":[{"name":"wp","href":"https:\/\/api.w.org\/{rel}","templated":true}]}}