{"id":101332,"date":"2025-01-24T16:25:52","date_gmt":"2025-01-24T21:25:52","guid":{"rendered":"https:\/\/www.imsalud.gov.co\/web\/?p=101332"},"modified":"2025-02-03T16:29:54","modified_gmt":"2025-02-03T21:29:54","slug":"la-ese-imsalud-amplia-su-atencion-a-los-desplazados-del-catatumbo","status":"publish","type":"post","link":"https:\/\/www.imsalud.gov.co\/web\/sala-de-prensa\/ultimas-noticias\/la-ese-imsalud-amplia-su-atencion-a-los-desplazados-del-catatumbo\/","title":{"rendered":"La ESE Imsalud ampl\u00eda su atenci\u00f3n a los desplazados del Catatumbo"},"content":{"rendered":"<p>&nbsp;<\/p>\n<p>En un esfuerzo por garantizar atenci\u00f3n m\u00e9dica oportuna a la poblaci\u00f3n desplazada del Catatumbo, la ESE Imsalud ha implementado una estrategia integral que responde a la magnitud de esta emergencia humanitaria. Adem\u00e1s de mantener el punto central en el Estadio General Santander, donde operan tres unidades m\u00f3viles, desde hoy una de nuestras m\u00f3viles se desplazar\u00e1 a cada uno de los hoteles y albergues donde se encuentra esta poblaci\u00f3n, llevando atenci\u00f3n en medicina general, nutrici\u00f3n y vacunaci\u00f3n.<\/p>\n<p>Nuestro objetivo es claro: estar presentes en cada lugar hasta que la emergencia sea mitigada. Atendemos con especial prioridad a ni\u00f1os, ni\u00f1as, mujeres gestantes, adultos mayores y a quienes m\u00e1s requieren de un cuidado humanizado y especializado.<\/p>\n<p>Estas acciones reflejan el liderazgo y la visi\u00f3n del Dr. Javier Prieto Pe\u00f1a, gerente de la ESE Imsalud, y el compromiso inquebrantable de nuestro equipo directivo, asistencial, administrativo y operativo. Estamos convencidos de que la salud y el bienestar de nuestra comunidad son nuestra mayor prioridad.<\/p>\n<p><img loading=\"lazy\" decoding=\"async\" class=\"alignnone size-full wp-image-101334\" src=\"https:\/\/www.imsalud.gov.co\/web\/wp-content\/uploads\/2025\/02\/WhatsApp-Image-2025-02-03-at-2.35.41-PM-1.jpeg\" alt=\"\" width=\"1440\" height=\"1080\" srcset=\"https:\/\/www.imsalud.gov.co\/web\/wp-content\/uploads\/2025\/02\/WhatsApp-Image-2025-02-03-at-2.35.41-PM-1.jpeg 1440w, https:\/\/www.imsalud.gov.co\/web\/wp-content\/uploads\/2025\/02\/WhatsApp-Image-2025-02-03-at-2.35.41-PM-1-768x576.jpeg 768w, https:\/\/www.imsalud.gov.co\/web\/wp-content\/uploads\/2025\/02\/WhatsApp-Image-2025-02-03-at-2.35.41-PM-1-155x116.jpeg 155w\" sizes=\"auto, (max-width: 1440px) 100vw, 1440px\" \/><\/p>\n","protected":false},"excerpt":{"rendered":"<p>&nbsp; En un esfuerzo por garantizar atenci\u00f3n m\u00e9dica oportuna a la poblaci\u00f3n desplazada del Catatumbo, la ESE Imsalud ha implementado una estrategia integral que responde a la magnitud de esta [&#8230;]\n","protected":false},"author":34,"featured_media":101333,"comment_status":"closed","ping_status":"closed","sticky":false,"template":"","format":"standard","meta":{"footnotes":""},"categories":[698,515,74],"tags":[],"class_list":["post-101332","post","type-post","status-publish","format-standard","has-post-thumbnail","hentry","category-mujeres","category-ninos","category-ultimas-noticias"],"_links":{"self":[{"href":"https:\/\/www.imsalud.gov.co\/web\/wp-json\/wp\/v2\/posts\/101332","targetHints":{"allow":["GET"]}}],"collection":[{"href":"https:\/\/www.imsalud.gov.co\/web\/wp-json\/wp\/v2\/posts"}],"about":[{"href":"https:\/\/www.imsalud.gov.co\/web\/wp-json\/wp\/v2\/types\/post"}],"author":[{"embeddable":true,"href":"https:\/\/www.imsalud.gov.co\/web\/wp-json\/wp\/v2\/users\/34"}],"replies":[{"embeddable":true,"href":"https:\/\/www.imsalud.gov.co\/web\/wp-json\/wp\/v2\/comments?post=101332"}],"version-history":[{"count":1,"href":"https:\/\/www.imsalud.gov.co\/web\/wp-json\/wp\/v2\/posts\/101332\/revisions"}],"predecessor-version":[{"id":101335,"href":"https:\/\/www.imsalud.gov.co\/web\/wp-json\/wp\/v2\/posts\/101332\/revisions\/101335"}],"wp:featuredmedia":[{"embeddable":true,"href":"https:\/\/www.imsalud.gov.co\/web\/wp-json\/wp\/v2\/media\/101333"}],"wp:attachment":[{"href":"https:\/\/www.imsalud.gov.co\/web\/wp-json\/wp\/v2\/media?parent=101332"}],"wp:term":[{"taxonomy":"category","embeddable":true,"href":"https:\/\/www.imsalud.gov.co\/web\/wp-json\/wp\/v2\/categories?post=101332"},{"taxonomy":"post_tag","embeddable":true,"href":"https:\/\/www.imsalud.gov.co\/web\/wp-json\/wp\/v2\/tags?post=101332"}],"curies":[{"name":"wp","href":"https:\/\/api.w.org\/{rel}","templated":true}]}}